{"id":861,"date":"2024-06-14T20:05:27","date_gmt":"2024-06-14T20:05:27","guid":{"rendered":"https:\/\/josedemora.com\/acromatyx-oteyza-y-rossy-de-palma-triunfan-en-los-primeros-premios-de-la-moda-de-espana\/"},"modified":"2024-06-14T20:05:27","modified_gmt":"2024-06-14T20:05:27","slug":"acromatyx-oteyza-y-rossy-de-palma-triunfan-en-los-primeros-premios-de-la-moda-de-espana","status":"publish","type":"post","link":"https:\/\/josedemora.com\/fr\/acromatyx-oteyza-et-rossy-de-palma-triomphent-aux-premiers-prix-de-la-mode-espagnole\/","title":{"rendered":"Acromatyx, Oteyza et Rossy de Palma triomphent aux premiers Spanish Fashion Awards"},"content":{"rendered":"<p><img fetchpriority=\"high\" decoding=\"async\" class=\"size-full wp-image-860\" src=\"https:\/\/josedemora.com\/wp-content\/uploads\/2024\/06\/Captura-de-pantalla-2024-06-14-215611.png\" alt=\"\" width=\"754\" height=\"469\" srcset=\"https:\/\/josedemora.com\/wp-content\/uploads\/2024\/06\/Captura-de-pantalla-2024-06-14-215611.png 754w, https:\/\/josedemora.com\/wp-content\/uploads\/2024\/06\/Captura-de-pantalla-2024-06-14-215611-300x187.png 300w, https:\/\/josedemora.com\/wp-content\/uploads\/2024\/06\/Captura-de-pantalla-2024-06-14-215611-600x373.png 600w, https:\/\/josedemora.com\/wp-content\/uploads\/2024\/06\/Captura-de-pantalla-2024-06-14-215611-170x106.png 170w\" sizes=\"(max-width: 754px) 100vw, 754px\" \/><\/p>\n<p>La mode espagnole est en plein essor, et les r\u00e9cents Spanish Fashion Awards en sont une claire d\u00e9monstration. C\u00e9l\u00e9brant le meilleur du talent national en mati\u00e8re de design et de mode, cet \u00e9v\u00e9nement a vu des grands noms tels qu&#039;Acromatyx, Oteyza et Rossy de Palma remporter les honneurs. De plus, la marque de chaussures Jos\u00e9 de Mora, originaire de Valverde del Camino, a montr\u00e9 un soutien significatif \u00e0 la mode espagnole, consolidant son engagement envers l&#039;industrie.<\/p>\n<p>La mode espagnole est en plein essor, et les r\u00e9cents Spanish Fashion Awards en sont une claire d\u00e9monstration. C\u00e9l\u00e9brant le meilleur du talent national en mati\u00e8re de design et de mode, cet \u00e9v\u00e9nement a vu des grands noms tels qu&#039;Acromatyx, Oteyza et Rossy de Palma remporter les honneurs. De plus, la marque de chaussures Jos\u00e9 de Mora, originaire de Valverde del Camino, a montr\u00e9 un soutien significatif \u00e0 la mode espagnole, consolidant son engagement envers l&#039;industrie.<\/p>\n<h3><strong>Acromatyx : Innovation et style<\/strong><\/h3>\n<h4><strong>Histoire d&#039;Achromatix<\/strong><\/h4>\n<p>Acromatyx est un pionnier de la mode espagnole contemporaine. Fond\u00e9e il y a plus d&#039;une d\u00e9cennie, cette marque a r\u00e9ussi \u00e0 fusionner tradition et innovation, cr\u00e9ant des pi\u00e8ces uniques qui ont capt\u00e9 l&#039;attention du public et des critiques.<\/p>\n<h4><strong>Focus sur l&#039;innovation<\/strong><\/h4>\n<p>Ce qui distingue v\u00e9ritablement Acromatyx, c\u2019est son souci constant de l\u2019innovation. Ils utilisent des mat\u00e9riaux durables et des techniques de pointe pour cr\u00e9er des v\u00eatements qui sont non seulement esth\u00e9tiques, mais \u00e9galement respectueux de l&#039;environnement. Leur engagement en faveur du d\u00e9veloppement durable leur a valu de nombreux adeptes et une reconnaissance dans le secteur.<\/p>\n<h4><strong>Impact sur la mode espagnole<\/strong><\/h4>\n<p>L\u2019impact d\u2019Acromatyx sur la mode espagnole est ind\u00e9niable. Ses cr\u00e9ations ont non seulement connu du succ\u00e8s sur les podiums nationaux, mais ont \u00e9galement eu un \u00e9cho international, pla\u00e7ant l\u2019Espagne sur la carte de la mode mondiale.<\/p>\n<h3><strong>Oteyza : Tradition et Modernit\u00e9<\/strong><\/h3>\n<h4><strong>Origines d&#039;Oteyza<\/strong><\/h4>\n<p>Oteyza est une marque qui a r\u00e9ussi \u00e0 combiner le meilleur de la tradition avec la modernit\u00e9. Fond\u00e9e par un duo dynamique de designers, Oteyza est devenue synonyme d&#039;\u00e9l\u00e9gance et de sophistication.<\/p>\n<h4><strong>Combinaison de techniques traditionnelles et modernes<\/strong><\/h4>\n<p>L\u2019un des aspects les plus remarquables d\u2019Oteyza est sa capacit\u00e9 \u00e0 fusionner les techniques de couture traditionnelles avec des designs contemporains. Cela permet non seulement de pr\u00e9server le riche h\u00e9ritage de la mode espagnole, mais \u00e9galement de l\u2019emmener vers l\u2019avenir.<\/p>\n<h4><strong>Reconnaissance aux Fashion Awards<\/strong><\/h4>\n<p>Lors des Spanish Fashion Awards, Oteyza a \u00e9t\u00e9 reconnue pour son excellence en mati\u00e8re de design et sa capacit\u00e9 \u00e0 innover tout en conservant un fort sentiment d&#039;identit\u00e9 culturelle. Cette reconnaissance t\u00e9moigne de son d\u00e9vouement et de son talent.<\/p>\n<h3><strong>Rossy de Palma : ic\u00f4ne de style<\/strong><\/h3>\n<h4><strong>Carri\u00e8re de Rossy de Palma<\/strong><\/h4>\n<p>Rossy de Palma est une figure embl\u00e9matique du monde de la mode et du cin\u00e9ma. Connue pour son style unique et son audace, Rossy a d\u00e9fi\u00e9 les conventions et \u00e9tabli de nouvelles normes de beaut\u00e9 et de mode.<\/p>\n<h4><strong>Contribution \u00e0 la mode et \u00e0 l&#039;art<\/strong><\/h4>\n<p>Rossy n\u2019a pas seulement laiss\u00e9 son empreinte sur le cin\u00e9ma, mais aussi sur la mode. Elle a collabor\u00e9 avec de nombreux designers et a \u00e9t\u00e9 la muse de plusieurs collections inspirantes avec son sens du style distinctif et sa personnalit\u00e9 vibrante.<\/p>\n<h4><strong>R\u00e9compenses et r\u00e9alisations r\u00e9centes<\/strong><\/h4>\n<p>Lors des r\u00e9cents Spanish Fashion Awards, Rossy de Palma a \u00e9t\u00e9 honor\u00e9e pour sa contribution \u00e0 la mode et \u00e0 l&#039;art, consolidant ainsi son statut de v\u00e9ritable ic\u00f4ne culturelle.<\/p>\n<h3><strong>Les Fashion Awards d&#039;Espagne : une vitrine pour les talents<\/strong><\/h3>\n<h4><strong>Histoire des prix<\/strong><\/h4>\n<p>Les Spanish Fashion Awards ont \u00e9t\u00e9 cr\u00e9\u00e9s pour reconna\u00eetre et c\u00e9l\u00e9brer le talent de l&#039;industrie de la mode espagnole. Depuis leur cr\u00e9ation, ces prix servent de plateforme pour mettre en lumi\u00e8re les cr\u00e9ateurs, les mannequins et les marques qui ont laiss\u00e9 une empreinte significative sur la mode.<\/p>\n<h4><strong>Crit\u00e8res de s\u00e9lection et cat\u00e9gories<\/strong><\/h4>\n<p>Les prix sont d\u00e9cern\u00e9s dans diverses cat\u00e9gories, notamment le design de mode, l\u2019innovation, la durabilit\u00e9 et les contributions culturelles. Les crit\u00e8res de s\u00e9lection sont rigoureux, garantissant que seuls les meilleurs sont reconnus.<\/p>\n<h3><strong>Jos\u00e9 de Mora : un soutien inconditionnel \u00e0 la mode espagnole<\/strong><\/h3>\n<h4><strong>Histoire de Jos\u00e9 de Mora<\/strong><\/h4>\n<p>Jos\u00e9 de Mora est une marque de chaussures avec une riche histoire qui remonte \u00e0 Valverde del Camino. Connue pour son savoir-faire et sa qualit\u00e9, cette marque est un pilier de l&#039;industrie espagnole de la chaussure.<\/p>\n<h4><strong>Engagement envers la mode espagnole<\/strong><\/h4>\n<p>L&#039;engagement de Jos\u00e9 de Mora envers la mode espagnole va au-del\u00e0 de la production de chaussures. Ils ont \u00e9t\u00e9 sponsors et collaborateurs de plusieurs \u00e9v\u00e9nements de mode, dont les Spanish Fashion Awards, d\u00e9montrant ainsi leur d\u00e9vouement \u00e0 la promotion et au soutien de l&#039;industrie.<\/p>\n<h4><strong>Collaborations et parrainages<\/strong><\/h4>\n<p>Au fil des ann\u00e9es, Jos\u00e9 de Mora a collabor\u00e9 avec de nombreux cr\u00e9ateurs et sponsoris\u00e9 des \u00e9v\u00e9nements cl\u00e9s de la mode espagnole. Ces initiatives ont non seulement accru leur visibilit\u00e9, mais ont \u00e9galement renforc\u00e9 leur r\u00e9putation de d\u00e9fenseurs de la mode nationale.<\/p>\n<h3><strong>L\u2019impact des r\u00e9compenses sur l\u2019industrie de la mode<\/strong><\/h3>\n<h4><strong>Visibilit\u00e9 pour les designers \u00e9mergents<\/strong><\/h4>\n<p>Les Spanish Fashion Awards ont fourni une plateforme cruciale aux cr\u00e9ateurs \u00e9mergents, leur donnant la visibilit\u00e9 n\u00e9cessaire pour atteindre de nouveaux march\u00e9s et publics.<\/p>\n<h4><strong>Stimuler l&#039;\u00e9conomie locale<\/strong><\/h4>\n<p>En plus de reconna\u00eetre le talent, ces prix ont \u00e9galement eu un impact \u00e9conomique important. Ils ont stimul\u00e9 l\u2019\u00e9conomie locale en attirant l\u2019attention internationale et en encourageant le tourisme et l\u2019investissement dans l\u2019industrie de la mode.<\/p>\n<h3><strong>Entretiens exclusifs<\/strong><\/h3>\n<h4><strong>D\u00e9clarations des gagnants<\/strong><\/h4>\n<p>Dans des interviews exclusives, les laur\u00e9ats ont partag\u00e9 leurs pens\u00e9es et leurs \u00e9motions apr\u00e8s avoir re\u00e7u ces prix prestigieux. Ses d\u00e9clarations refl\u00e8tent la passion et l\u2019effort derri\u00e8re chaque conception et cr\u00e9ation.<\/p>\n<h4><strong>Avis d&#039;experts du secteur<\/strong><\/h4>\n<p>Les experts du secteur de la mode ont \u00e9galement donn\u00e9 leur avis sur l\u2019importance de ces prix et sur l\u2019avenir de la mode espagnole, soulignant le r\u00f4le d\u2019\u00e9v\u00e9nements comme celui-ci dans la promotion du talent national.<\/p>\n<h3><strong>Conclusion<\/strong><\/h3>\n<p>Les premiers Spanish Fashion Awards ont \u00e9t\u00e9 un succ\u00e8s retentissant, c\u00e9l\u00e9brant le talent et la cr\u00e9ativit\u00e9 de personnalit\u00e9s telles qu&#039;Acromatyx, Oteyza ou Rossy de Palma. Avec le soutien de marques engag\u00e9es comme Jos\u00e9 de Mora, l\u2019avenir de la mode espagnole semble plus prometteur que jamais. Ces prix ont non seulement r\u00e9compens\u00e9 les meilleurs du secteur, mais ont \u00e9galement fourni une plate-forme pour une croissance et une innovation continues.<\/p>","protected":false},"excerpt":{"rendered":"<p><img fetchpriority=\"high\" decoding=\"async\" class=\"size-full wp-image-860\" src=\"https:\/\/josedemora.com\/wp-content\/uploads\/2024\/06\/Captura-de-pantalla-2024-06-14-215611.png\" alt=\"\" width=\"754\" height=\"469\" srcset=\"https:\/\/josedemora.com\/wp-content\/uploads\/2024\/06\/Captura-de-pantalla-2024-06-14-215611.png 754w, https:\/\/josedemora.com\/wp-content\/uploads\/2024\/06\/Captura-de-pantalla-2024-06-14-215611-300x187.png 300w, https:\/\/josedemora.com\/wp-content\/uploads\/2024\/06\/Captura-de-pantalla-2024-06-14-215611-600x373.png 600w, https:\/\/josedemora.com\/wp-content\/uploads\/2024\/06\/Captura-de-pantalla-2024-06-14-215611-170x106.png 170w\" sizes=\"(max-width: 754px) 100vw, 754px\" \/><\/p>\n<p>La mode espagnole est en plein essor, et les r\u00e9cents Spanish Fashion Awards en sont une claire d\u00e9monstration. C\u00e9l\u00e9brant le meilleur du talent national en mati\u00e8re de design et de mode, cet \u00e9v\u00e9nement a vu des grands noms tels qu&#039;Acromatyx, Oteyza et Rossy de Palma remporter les honneurs. De plus, la marque de chaussures Jos\u00e9 de Mora, originaire de Valverde del Camino, a montr\u00e9 un soutien significatif \u00e0 la mode espagnole, consolidant son engagement envers l&#039;industrie.<\/p>","protected":false},"author":5,"featured_media":860,"comment_status":"open","ping_status":"open","sticky":false,"template":"","format":"standard","meta":{"_acf_changed":false,"site-sidebar-layout":"default","site-content-layout":"","ast-site-content-layout":"","site-content-style":"default","site-sidebar-style":"default","ast-global-header-display":"","ast-banner-title-visibility":"","ast-main-header-display":"","ast-hfb-above-header-display":"","ast-hfb-below-header-display":"","ast-hfb-mobile-header-display":"","site-post-title":"","ast-breadcrumbs-content":"","ast-featured-img":"","footer-sml-layout":"","theme-transparent-header-meta":"","adv-header-id-meta":"","stick-header-meta":"","header-above-stick-meta":"","header-main-stick-meta":"","header-below-stick-meta":"","astra-migrate-meta-layouts":"default","ast-page-background-enabled":"default","ast-page-background-meta":{"desktop":{"background-color":"var(--ast-global-color-5)","background-image":"","background-repeat":"repeat","background-position":"center center","background-size":"auto","background-attachment":"scroll","background-type":"","background-media":"","overlay-type":"","overlay-color":"","overlay-opacity":"","overlay-gradient":""},"tablet":{"background-color":"","background-image":"","background-repeat":"repeat","background-position":"center center","background-size":"auto","background-attachment":"scroll","background-type":"","background-media":"","overlay-type":"","overlay-color":"","overlay-opacity":"","overlay-gradient":""},"mobile":{"background-color":"","background-image":"","background-repeat":"repeat","background-position":"center center","background-size":"auto","background-attachment":"scroll","background-type":"","background-media":"","overlay-type":"","overlay-color":"","overlay-opacity":"","overlay-gradient":""}},"ast-content-background-meta":{"desktop":{"background-color":"var(--ast-global-color-4)","background-image":"","background-repeat":"repeat","background-position":"center center","background-size":"auto","background-attachment":"scroll","background-type":"","background-media":"","overlay-type":"","overlay-color":"","overlay-opacity":"","overlay-gradient":""},"tablet":{"background-color":"var(--ast-global-color-4)","background-image":"","background-repeat":"repeat","background-position":"center center","background-size":"auto","background-attachment":"scroll","background-type":"","background-media":"","overlay-type":"","overlay-color":"","overlay-opacity":"","overlay-gradient":""},"mobile":{"background-color":"var(--ast-global-color-4)","background-image":"","background-repeat":"repeat","background-position":"center center","background-size":"auto","background-attachment":"scroll","background-type":"","background-media":"","overlay-type":"","overlay-color":"","overlay-opacity":"","overlay-gradient":""}},"footnotes":""},"categories":[62],"tags":[],"class_list":["post-861","post","type-post","status-publish","format-standard","has-post-thumbnail","hentry","category-blog-corporativo"],"acf":[],"yoast_head":"<!-- This site is optimized with the Yoast SEO Premium plugin v23.5 (Yoast SEO v24.1) - https:\/\/yoast.com\/wordpress\/plugins\/seo\/ -->\n<title>Acromatyx, Oteyza y Rossy de Palma triunfan en los primeros Premios de la Moda de Espa\u00f1a - Jos\u00e9 de Mora<\/title>\n<meta name=\"robots\" content=\"index, follow, max-snippet:-1, max-image-preview:large, max-video-preview:-1\" \/>\n<link rel=\"canonical\" href=\"https:\/\/josedemora.com\/fr\/acromatyx-oteyza-et-rossy-de-palma-triomphent-aux-premiers-prix-de-la-mode-espagnole\/\" \/>\n<meta property=\"og:locale\" content=\"fr_FR\" \/>\n<meta property=\"og:type\" content=\"article\" \/>\n<meta property=\"og:title\" content=\"Acromatyx, Oteyza y Rossy de Palma triunfan en los primeros Premios de la Moda de Espa\u00f1a\" \/>\n<meta property=\"og:description\" content=\"La moda espa\u00f1ola est\u00e1 en auge, y los recientes Premios de la Moda de Espa\u00f1a han sido una clara demostraci\u00f3n de ello. Este evento, que celebra lo mejor del talento nacional en el dise\u00f1o y la moda, ha visto a nombres destacados como Acromatyx, Oteyza y Rossy de Palma llevarse los m\u00e1s altos honores. Adem\u00e1s, la marca de calzado Jos\u00e9 de Mora, originaria de Valverde del Camino, ha mostrado un apoyo significativo a la moda espa\u00f1ola, consolidando su compromiso con la industria.\" \/>\n<meta property=\"og:url\" content=\"https:\/\/josedemora.com\/fr\/acromatyx-oteyza-et-rossy-de-palma-triomphent-aux-premiers-prix-de-la-mode-espagnole\/\" \/>\n<meta property=\"og:site_name\" content=\"Jos\u00e9 de Mora\" \/>\n<meta property=\"article:published_time\" content=\"2024-06-14T20:05:27+00:00\" \/>\n<meta property=\"og:image\" content=\"https:\/\/josedemora.com\/wp-content\/uploads\/2024\/06\/Captura-de-pantalla-2024-06-14-215611.png\" \/>\n\t<meta property=\"og:image:width\" content=\"754\" \/>\n\t<meta property=\"og:image:height\" content=\"469\" \/>\n\t<meta property=\"og:image:type\" content=\"image\/png\" \/>\n<meta name=\"author\" content=\"Sport y Equitaci\u00f3n Valverde S.L\" \/>\n<meta name=\"twitter:card\" content=\"summary_large_image\" \/>\n<meta name=\"twitter:label1\" content=\"\u00c9crit par\" \/>\n\t<meta name=\"twitter:data1\" content=\"Sport y Equitaci\u00f3n Valverde S.L\" \/>\n\t<meta name=\"twitter:label2\" content=\"Dur\u00e9e de lecture estim\u00e9e\" \/>\n\t<meta name=\"twitter:data2\" content=\"6 minutes\" \/>\n<script type=\"application\/ld+json\" class=\"yoast-schema-graph\">{\"@context\":\"https:\/\/schema.org\",\"@graph\":[{\"@type\":\"WebPage\",\"@id\":\"https:\/\/josedemora.com\/acromatyx-oteyza-y-rossy-de-palma-triunfan-en-los-primeros-premios-de-la-moda-de-espana\/\",\"url\":\"https:\/\/josedemora.com\/acromatyx-oteyza-y-rossy-de-palma-triunfan-en-los-primeros-premios-de-la-moda-de-espana\/\",\"name\":\"Acromatyx, Oteyza y Rossy de Palma triunfan en los primeros Premios de la Moda de Espa\u00f1a - Jos\u00e9 de Mora\",\"isPartOf\":{\"@id\":\"https:\/\/josedemora.com\/#website\"},\"primaryImageOfPage\":{\"@id\":\"https:\/\/josedemora.com\/acromatyx-oteyza-y-rossy-de-palma-triunfan-en-los-primeros-premios-de-la-moda-de-espana\/#primaryimage\"},\"image\":{\"@id\":\"https:\/\/josedemora.com\/acromatyx-oteyza-y-rossy-de-palma-triunfan-en-los-primeros-premios-de-la-moda-de-espana\/#primaryimage\"},\"thumbnailUrl\":\"https:\/\/josedemora.com\/wp-content\/uploads\/2024\/06\/Captura-de-pantalla-2024-06-14-215611.png\",\"datePublished\":\"2024-06-14T20:05:27+00:00\",\"dateModified\":\"2024-06-14T20:05:27+00:00\",\"author\":{\"@id\":\"https:\/\/josedemora.com\/#\/schema\/person\/f7753ab9a39a122afeca8e123a8b58ba\"},\"breadcrumb\":{\"@id\":\"https:\/\/josedemora.com\/acromatyx-oteyza-y-rossy-de-palma-triunfan-en-los-primeros-premios-de-la-moda-de-espana\/#breadcrumb\"},\"inLanguage\":\"fr-FR\",\"potentialAction\":[{\"@type\":\"ReadAction\",\"target\":[\"https:\/\/josedemora.com\/acromatyx-oteyza-y-rossy-de-palma-triunfan-en-los-primeros-premios-de-la-moda-de-espana\/\"]}]},{\"@type\":\"ImageObject\",\"inLanguage\":\"fr-FR\",\"@id\":\"https:\/\/josedemora.com\/acromatyx-oteyza-y-rossy-de-palma-triunfan-en-los-primeros-premios-de-la-moda-de-espana\/#primaryimage\",\"url\":\"https:\/\/josedemora.com\/wp-content\/uploads\/2024\/06\/Captura-de-pantalla-2024-06-14-215611.png\",\"contentUrl\":\"https:\/\/josedemora.com\/wp-content\/uploads\/2024\/06\/Captura-de-pantalla-2024-06-14-215611.png\",\"width\":754,\"height\":469},{\"@type\":\"BreadcrumbList\",\"@id\":\"https:\/\/josedemora.com\/acromatyx-oteyza-y-rossy-de-palma-triunfan-en-los-primeros-premios-de-la-moda-de-espana\/#breadcrumb\",\"itemListElement\":[{\"@type\":\"ListItem\",\"position\":1,\"name\":\"Portada\",\"item\":\"https:\/\/josedemora.com\/\"},{\"@type\":\"ListItem\",\"position\":2,\"name\":\"Acromatyx, Oteyza y Rossy de Palma triunfan en los primeros Premios de la Moda de Espa\u00f1a\"}]},{\"@type\":\"WebSite\",\"@id\":\"https:\/\/josedemora.com\/#website\",\"url\":\"https:\/\/josedemora.com\/\",\"name\":\"Jos\u00e9 de Mora\",\"description\":\"\",\"potentialAction\":[{\"@type\":\"SearchAction\",\"target\":{\"@type\":\"EntryPoint\",\"urlTemplate\":\"https:\/\/josedemora.com\/?s={search_term_string}\"},\"query-input\":{\"@type\":\"PropertyValueSpecification\",\"valueRequired\":true,\"valueName\":\"search_term_string\"}}],\"inLanguage\":\"fr-FR\"},{\"@type\":\"Person\",\"@id\":\"https:\/\/josedemora.com\/#\/schema\/person\/f7753ab9a39a122afeca8e123a8b58ba\",\"name\":\"Sport y Equitaci\u00f3n Valverde S.L\",\"image\":{\"@type\":\"ImageObject\",\"inLanguage\":\"fr-FR\",\"@id\":\"https:\/\/josedemora.com\/#\/schema\/person\/image\/\",\"url\":\"https:\/\/secure.gravatar.com\/avatar\/e28dd3fe8cf6a1ceee8c619df57c36d5?s=96&d=mm&r=g\",\"contentUrl\":\"https:\/\/secure.gravatar.com\/avatar\/e28dd3fe8cf6a1ceee8c619df57c36d5?s=96&d=mm&r=g\",\"caption\":\"Sport y Equitaci\u00f3n Valverde S.L\"},\"url\":\"https:\/\/josedemora.com\/fr\/author\/wanda\/\"}]}<\/script>\n<!-- \/ Yoast SEO Premium plugin. -->","yoast_head_json":{"title":"Acromatyx, Oteyza y Rossy de Palma triunfan en los primeros Premios de la Moda de Espa\u00f1a - Jos\u00e9 de Mora","robots":{"index":"index","follow":"follow","max-snippet":"max-snippet:-1","max-image-preview":"max-image-preview:large","max-video-preview":"max-video-preview:-1"},"canonical":"https:\/\/josedemora.com\/fr\/acromatyx-oteyza-et-rossy-de-palma-triomphent-aux-premiers-prix-de-la-mode-espagnole\/","og_locale":"fr_FR","og_type":"article","og_title":"Acromatyx, Oteyza y Rossy de Palma triunfan en los primeros Premios de la Moda de Espa\u00f1a","og_description":"La moda espa\u00f1ola est\u00e1 en auge, y los recientes Premios de la Moda de Espa\u00f1a han sido una clara demostraci\u00f3n de ello. Este evento, que celebra lo mejor del talento nacional en el dise\u00f1o y la moda, ha visto a nombres destacados como Acromatyx, Oteyza y Rossy de Palma llevarse los m\u00e1s altos honores. Adem\u00e1s, la marca de calzado Jos\u00e9 de Mora, originaria de Valverde del Camino, ha mostrado un apoyo significativo a la moda espa\u00f1ola, consolidando su compromiso con la industria.","og_url":"https:\/\/josedemora.com\/fr\/acromatyx-oteyza-et-rossy-de-palma-triomphent-aux-premiers-prix-de-la-mode-espagnole\/","og_site_name":"Jos\u00e9 de Mora","article_published_time":"2024-06-14T20:05:27+00:00","og_image":[{"width":754,"height":469,"url":"https:\/\/josedemora.com\/wp-content\/uploads\/2024\/06\/Captura-de-pantalla-2024-06-14-215611.png","type":"image\/png"}],"author":"Sport y Equitaci\u00f3n Valverde S.L","twitter_card":"summary_large_image","twitter_misc":{"\u00c9crit par":"Sport y Equitaci\u00f3n Valverde S.L","Dur\u00e9e de lecture estim\u00e9e":"6 minutes"},"schema":{"@context":"https:\/\/schema.org","@graph":[{"@type":"WebPage","@id":"https:\/\/josedemora.com\/acromatyx-oteyza-y-rossy-de-palma-triunfan-en-los-primeros-premios-de-la-moda-de-espana\/","url":"https:\/\/josedemora.com\/acromatyx-oteyza-y-rossy-de-palma-triunfan-en-los-primeros-premios-de-la-moda-de-espana\/","name":"Acromatyx, Oteyza y Rossy de Palma triunfan en los primeros Premios de la Moda de Espa\u00f1a - Jos\u00e9 de Mora","isPartOf":{"@id":"https:\/\/josedemora.com\/#website"},"primaryImageOfPage":{"@id":"https:\/\/josedemora.com\/acromatyx-oteyza-y-rossy-de-palma-triunfan-en-los-primeros-premios-de-la-moda-de-espana\/#primaryimage"},"image":{"@id":"https:\/\/josedemora.com\/acromatyx-oteyza-y-rossy-de-palma-triunfan-en-los-primeros-premios-de-la-moda-de-espana\/#primaryimage"},"thumbnailUrl":"https:\/\/josedemora.com\/wp-content\/uploads\/2024\/06\/Captura-de-pantalla-2024-06-14-215611.png","datePublished":"2024-06-14T20:05:27+00:00","dateModified":"2024-06-14T20:05:27+00:00","author":{"@id":"https:\/\/josedemora.com\/#\/schema\/person\/f7753ab9a39a122afeca8e123a8b58ba"},"breadcrumb":{"@id":"https:\/\/josedemora.com\/acromatyx-oteyza-y-rossy-de-palma-triunfan-en-los-primeros-premios-de-la-moda-de-espana\/#breadcrumb"},"inLanguage":"fr-FR","potentialAction":[{"@type":"ReadAction","target":["https:\/\/josedemora.com\/acromatyx-oteyza-y-rossy-de-palma-triunfan-en-los-primeros-premios-de-la-moda-de-espana\/"]}]},{"@type":"ImageObject","inLanguage":"fr-FR","@id":"https:\/\/josedemora.com\/acromatyx-oteyza-y-rossy-de-palma-triunfan-en-los-primeros-premios-de-la-moda-de-espana\/#primaryimage","url":"https:\/\/josedemora.com\/wp-content\/uploads\/2024\/06\/Captura-de-pantalla-2024-06-14-215611.png","contentUrl":"https:\/\/josedemora.com\/wp-content\/uploads\/2024\/06\/Captura-de-pantalla-2024-06-14-215611.png","width":754,"height":469},{"@type":"BreadcrumbList","@id":"https:\/\/josedemora.com\/acromatyx-oteyza-y-rossy-de-palma-triunfan-en-los-primeros-premios-de-la-moda-de-espana\/#breadcrumb","itemListElement":[{"@type":"ListItem","position":1,"name":"Portada","item":"https:\/\/josedemora.com\/"},{"@type":"ListItem","position":2,"name":"Acromatyx, Oteyza y Rossy de Palma triunfan en los primeros Premios de la Moda de Espa\u00f1a"}]},{"@type":"WebSite","@id":"https:\/\/josedemora.com\/#website","url":"https:\/\/josedemora.com\/","name":"Jos\u00e9 de Mora","description":"","potentialAction":[{"@type":"SearchAction","target":{"@type":"EntryPoint","urlTemplate":"https:\/\/josedemora.com\/?s={search_term_string}"},"query-input":{"@type":"PropertyValueSpecification","valueRequired":true,"valueName":"search_term_string"}}],"inLanguage":"fr-FR"},{"@type":"Person","@id":"https:\/\/josedemora.com\/#\/schema\/person\/f7753ab9a39a122afeca8e123a8b58ba","name":"Sport y Equitaci\u00f3n Valverde S.L","image":{"@type":"ImageObject","inLanguage":"fr-FR","@id":"https:\/\/josedemora.com\/#\/schema\/person\/image\/","url":"https:\/\/secure.gravatar.com\/avatar\/e28dd3fe8cf6a1ceee8c619df57c36d5?s=96&d=mm&r=g","contentUrl":"https:\/\/secure.gravatar.com\/avatar\/e28dd3fe8cf6a1ceee8c619df57c36d5?s=96&d=mm&r=g","caption":"Sport y Equitaci\u00f3n Valverde S.L"},"url":"https:\/\/josedemora.com\/fr\/author\/wanda\/"}]}},"_links":{"self":[{"href":"https:\/\/josedemora.com\/fr\/wp-json\/wp\/v2\/posts\/861","targetHints":{"allow":["GET"]}}],"collection":[{"href":"https:\/\/josedemora.com\/fr\/wp-json\/wp\/v2\/posts"}],"about":[{"href":"https:\/\/josedemora.com\/fr\/wp-json\/wp\/v2\/types\/post"}],"author":[{"embeddable":true,"href":"https:\/\/josedemora.com\/fr\/wp-json\/wp\/v2\/users\/5"}],"replies":[{"embeddable":true,"href":"https:\/\/josedemora.com\/fr\/wp-json\/wp\/v2\/comments?post=861"}],"version-history":[{"count":0,"href":"https:\/\/josedemora.com\/fr\/wp-json\/wp\/v2\/posts\/861\/revisions"}],"wp:featuredmedia":[{"embeddable":true,"href":"https:\/\/josedemora.com\/fr\/wp-json\/wp\/v2\/media\/860"}],"wp:attachment":[{"href":"https:\/\/josedemora.com\/fr\/wp-json\/wp\/v2\/media?parent=861"}],"wp:term":[{"taxonomy":"category","embeddable":true,"href":"https:\/\/josedemora.com\/fr\/wp-json\/wp\/v2\/categories?post=861"},{"taxonomy":"post_tag","embeddable":true,"href":"https:\/\/josedemora.com\/fr\/wp-json\/wp\/v2\/tags?post=861"}],"curies":[{"name":"wp","href":"https:\/\/api.w.org\/{rel}","templated":true}]}}