{"id":853,"date":"2024-01-26T19:23:31","date_gmt":"2024-01-26T19:23:31","guid":{"rendered":"https:\/\/josedemora.com\/trucos-para-vestir-con-estilo-despues-de-los-60\/"},"modified":"2024-01-26T19:23:31","modified_gmt":"2024-01-26T19:23:31","slug":"trucos-para-vestir-con-estilo-despues-de-los-60","status":"publish","type":"post","link":"https:\/\/josedemora.com\/fr\/conseils-pour-shabiller-avec-style-apres-60-ans\/","title":{"rendered":"Conseils pour s&#039;habiller avec style apr\u00e8s 60 ans"},"content":{"rendered":"<p><img fetchpriority=\"high\" decoding=\"async\" class=\"size-full wp-image-852\" src=\"https:\/\/josedemora.com\/wp-content\/uploads\/2024\/01\/Copia-de-Zapato-navidad.png\" alt=\"\" width=\"940\" height=\"788\" srcset=\"https:\/\/josedemora.com\/wp-content\/uploads\/2024\/01\/Copia-de-Zapato-navidad.png 940w, https:\/\/josedemora.com\/wp-content\/uploads\/2024\/01\/Copia-de-Zapato-navidad-300x251.png 300w, https:\/\/josedemora.com\/wp-content\/uploads\/2024\/01\/Copia-de-Zapato-navidad-768x644.png 768w, https:\/\/josedemora.com\/wp-content\/uploads\/2024\/01\/Copia-de-Zapato-navidad-600x503.png 600w, https:\/\/josedemora.com\/wp-content\/uploads\/2024\/01\/Copia-de-Zapato-navidad-170x143.png 170w\" sizes=\"(max-width: 940px) 100vw, 940px\" \/><\/p>\n<h1>\u00a0<\/h1>\n<p>La mode est un domaine vaste et inclusif pour tous les \u00e2ges, et s\u2019habiller \u00e9l\u00e9gamment apr\u00e8s 60 ans peut \u00eatre une exp\u00e9rience enrichissante. Avec des mod\u00e8les comme Helen Mirren et Sharon Stone, il est clair que la cl\u00e9 est d\u2019adapter les tendances \u00e0 votre personnalit\u00e9 et \u00e0 l\u2019\u00e9tape de la vie dans laquelle vous vous trouvez. D\u00e9couvrez ci-dessous les conseils et astuces d&#039;une styliste pour bien s&#039;habiller apr\u00e8s 60 ans.<\/p>\n<p>La mode est un domaine vaste et inclusif pour tous les \u00e2ges, et s\u2019habiller \u00e9l\u00e9gamment apr\u00e8s 60 ans peut \u00eatre une exp\u00e9rience enrichissante. Avec des mod\u00e8les comme Helen Mirren et Sharon Stone, il est clair que la cl\u00e9 est d\u2019adapter les tendances \u00e0 votre personnalit\u00e9 et \u00e0 l\u2019\u00e9tape de la vie dans laquelle vous vous trouvez. D\u00e9couvrez ci-dessous les conseils et astuces d&#039;une styliste pour bien s&#039;habiller apr\u00e8s 60 ans.<\/p>\n<h2><strong>Manuel de style pour s&#039;habiller avec \u00e9l\u00e9gance<\/strong><\/h2>\n<h3>N&#039;abandonnez jamais la mode<\/h3>\n<p>L\u2019\u00e2ge ne devrait pas \u00eatre un obstacle \u00e0 l\u2019expression de votre personnalit\u00e9 \u00e0 travers la mode. Apr\u00e8s 60 ans, c&#039;est le moment id\u00e9al pour afficher des looks \u00e9l\u00e9gants et modernes. La cl\u00e9 est de combiner des v\u00eatements basiques avec les derni\u00e8res tendances, en trouvant un \u00e9quilibre qui refl\u00e8te votre style unique. N\u2019oubliez pas que moins c\u2019est plus, et que la simplicit\u00e9 est la cl\u00e9 d\u2019une \u00e9l\u00e9gance durable.<\/p>\n<h3>Jouer avec les couleurs<\/h3>\n<p>Les bonnes couleurs peuvent apporter de la luminosit\u00e9 \u00e0 votre visage et rehausser votre beaut\u00e9. Choisissez des nuances qui vous flattent et apprenez \u00e0 les \u00e9quilibrer dans votre tenue. La palette de couleurs peut \u00eatre votre alli\u00e9e pour cr\u00e9er des combinaisons harmonieuses qui vous permettent de vous d\u00e9marquer avec style.<\/p>\n<h3>Am\u00e9liorer l&#039;\u00e9l\u00e9gance<\/h3>\n<p>L&#039;\u00e9l\u00e9gance est un \u00e9l\u00e9ment crucial. Mais ne vous contentez pas de suivre les tendances\u00a0; Il est important de conserver son propre style. Recherchez des v\u00eatements qui vous font vous sentir en s\u00e9curit\u00e9 et \u00e0 l\u2019aise, mettant en valeur votre personnalit\u00e9 et votre caract\u00e8re unique.<\/p>\n<h3>Combinez diff\u00e9rents styles<\/h3>\n<p>Exp\u00e9rimentez en combinant les styles. Si vous aimez les looks sportifs, n&#039;h\u00e9sitez pas \u00e0 int\u00e9grer des v\u00eatements sophistiqu\u00e9s pour obtenir un \u00e9quilibre parfait. La polyvalence dans votre choix de v\u00eatements vous permettra de cr\u00e9er des looks uniques qui mettront en valeur votre propre style.<\/p>\n<h2>Conseils d&#039;une styliste pour s&#039;habiller apr\u00e8s 60 ans<\/h2>\n<h3>Refl\u00e9tez votre attitude dans vos v\u00eatements<\/h3>\n<p>Avec plus de temps libre, montrez votre \u00e9nergie et votre envie de prendre soin de vous \u00e0 travers votre choix de v\u00eatements, d&#039;accessoires, de coiffure et de maquillage. Une attitude positive se refl\u00e8te dans la fa\u00e7on dont vous vous habillez, transmettant vitalit\u00e9 et confiance.<\/p>\n<h3>\u00c9vitez les dictatures de la mode<\/h3>\n<p>Ne soyez pas obs\u00e9d\u00e9 par le fait de suivre toutes les tendances de la mode. Il est plus important d\u2019adapter ce qui est \u00e0 la mode \u00e0 votre style et \u00e0 votre personnalit\u00e9. D\u00e9finissez votre propre style, en mettant en valeur votre authenticit\u00e9, surtout en vieillissant.<\/p>\n<h3>Acceptez votre \u00e2ge et montrez la meilleure version de vous-m\u00eame<\/h3>\n<p>\u00c9vitez la tentation de para\u00eetre plus jeune. Accepter et accepter son \u00e2ge est essentiel pour s\u2019habiller de mani\u00e8re authentique. Utilisez des v\u00eatements pour montrer la meilleure version de vous-m\u00eame dans le pr\u00e9sent, en soulignant la beaut\u00e9 qui vient avec l&#039;exp\u00e9rience.<\/p>\n<h3>Recherchez les coupes qui favorisent<\/h3>\n<p>\u00c0 60 ans, le corps conna\u00eet des changements. Recherchez des v\u00eatements qui flattent votre silhouette, comme des chemises qui mettent en valeur vos \u00e9paules, des pantalons \u00e0 taille \u00e9lastique, des manches \u00e0 coupe fran\u00e7aise et des tissus l\u00e9gers. Combinez des couleurs vives et des imprim\u00e9s pour apporter lumi\u00e8re et vitalit\u00e9 \u00e0 votre look.<\/p>\n<h3>Jouez avec les accessoires et les chaussures<\/h3>\n<p>Les accessoires peuvent faire toute la diff\u00e9rence dans votre style. Optez pour des pi\u00e8ces accrocheuses qui renforcent votre personnalit\u00e9. C\u00f4t\u00e9 chaussures, privil\u00e9giez des mod\u00e8les confortables et \u00e0 la mode. Combiner tendances et confort est la cl\u00e9 d&#039;un look impeccable.<\/p>\n<h3>Sous-v\u00eatements appropri\u00e9s<\/h3>\n<p>Ne sous-estimez pas le pouvoir des sous-v\u00eatements.\u00a0<\/p>\n<p>En conclusion, la mode apr\u00e8s 60 ans est une opportunit\u00e9 d\u2019exprimer votre authenticit\u00e9 et votre style unique. Suivez ces conseils d\u2019un styliste expert et d\u00e9couvrez comment vous habiller avec \u00e9l\u00e9gance et confiance dans cette nouvelle \u00e9tape de la vie. La cl\u00e9 est d\u2019adapter les tendances \u00e0 votre personnalit\u00e9 et d\u2019accepter avec gr\u00e2ce la beaut\u00e9 qui vient avec l\u2019exp\u00e9rience. Faites de la mode votre alli\u00e9e et \u00e9blouissez \u00e0 tout \u00e2ge !<\/p>","protected":false},"excerpt":{"rendered":"<p><img fetchpriority=\"high\" decoding=\"async\" class=\"size-full wp-image-852\" src=\"https:\/\/josedemora.com\/wp-content\/uploads\/2024\/01\/Copia-de-Zapato-navidad.png\" alt=\"\" width=\"940\" height=\"788\" srcset=\"https:\/\/josedemora.com\/wp-content\/uploads\/2024\/01\/Copia-de-Zapato-navidad.png 940w, https:\/\/josedemora.com\/wp-content\/uploads\/2024\/01\/Copia-de-Zapato-navidad-300x251.png 300w, https:\/\/josedemora.com\/wp-content\/uploads\/2024\/01\/Copia-de-Zapato-navidad-768x644.png 768w, https:\/\/josedemora.com\/wp-content\/uploads\/2024\/01\/Copia-de-Zapato-navidad-600x503.png 600w, https:\/\/josedemora.com\/wp-content\/uploads\/2024\/01\/Copia-de-Zapato-navidad-170x143.png 170w\" sizes=\"(max-width: 940px) 100vw, 940px\" \/><\/p>\n<h1>\u00a0<\/h1>\n<p>La mode est un domaine vaste et inclusif pour tous les \u00e2ges, et s\u2019habiller \u00e9l\u00e9gamment apr\u00e8s 60 ans peut \u00eatre une exp\u00e9rience enrichissante. Avec des mod\u00e8les comme Helen Mirren et Sharon Stone, il est clair que la cl\u00e9 est d\u2019adapter les tendances \u00e0 votre personnalit\u00e9 et \u00e0 l\u2019\u00e9tape de la vie dans laquelle vous vous trouvez. D\u00e9couvrez ci-dessous les conseils et astuces d&#039;une styliste pour bien s&#039;habiller apr\u00e8s 60 ans.<\/p>","protected":false},"author":5,"featured_media":852,"comment_status":"open","ping_status":"open","sticky":false,"template":"","format":"standard","meta":{"_acf_changed":false,"site-sidebar-layout":"default","site-content-layout":"","ast-site-content-layout":"","site-content-style":"default","site-sidebar-style":"default","ast-global-header-display":"","ast-banner-title-visibility":"","ast-main-header-display":"","ast-hfb-above-header-display":"","ast-hfb-below-header-display":"","ast-hfb-mobile-header-display":"","site-post-title":"","ast-breadcrumbs-content":"","ast-featured-img":"","footer-sml-layout":"","theme-transparent-header-meta":"","adv-header-id-meta":"","stick-header-meta":"","header-above-stick-meta":"","header-main-stick-meta":"","header-below-stick-meta":"","astra-migrate-meta-layouts":"default","ast-page-background-enabled":"default","ast-page-background-meta":{"desktop":{"background-color":"var(--ast-global-color-5)","background-image":"","background-repeat":"repeat","background-position":"center center","background-size":"auto","background-attachment":"scroll","background-type":"","background-media":"","overlay-type":"","overlay-color":"","overlay-opacity":"","overlay-gradient":""},"tablet":{"background-color":"","background-image":"","background-repeat":"repeat","background-position":"center center","background-size":"auto","background-attachment":"scroll","background-type":"","background-media":"","overlay-type":"","overlay-color":"","overlay-opacity":"","overlay-gradient":""},"mobile":{"background-color":"","background-image":"","background-repeat":"repeat","background-position":"center center","background-size":"auto","background-attachment":"scroll","background-type":"","background-media":"","overlay-type":"","overlay-color":"","overlay-opacity":"","overlay-gradient":""}},"ast-content-background-meta":{"desktop":{"background-color":"var(--ast-global-color-4)","background-image":"","background-repeat":"repeat","background-position":"center center","background-size":"auto","background-attachment":"scroll","background-type":"","background-media":"","overlay-type":"","overlay-color":"","overlay-opacity":"","overlay-gradient":""},"tablet":{"background-color":"var(--ast-global-color-4)","background-image":"","background-repeat":"repeat","background-position":"center center","background-size":"auto","background-attachment":"scroll","background-type":"","background-media":"","overlay-type":"","overlay-color":"","overlay-opacity":"","overlay-gradient":""},"mobile":{"background-color":"var(--ast-global-color-4)","background-image":"","background-repeat":"repeat","background-position":"center center","background-size":"auto","background-attachment":"scroll","background-type":"","background-media":"","overlay-type":"","overlay-color":"","overlay-opacity":"","overlay-gradient":""}},"footnotes":""},"categories":[62],"tags":[],"class_list":["post-853","post","type-post","status-publish","format-standard","has-post-thumbnail","hentry","category-blog-corporativo"],"acf":[],"yoast_head":"<!-- This site is optimized with the Yoast SEO Premium plugin v23.5 (Yoast SEO v24.1) - https:\/\/yoast.com\/wordpress\/plugins\/seo\/ -->\n<title>Trucos para Vestir con Estilo Despu\u00e9s de los 60 - Jos\u00e9 de Mora<\/title>\n<meta name=\"robots\" content=\"index, follow, max-snippet:-1, max-image-preview:large, max-video-preview:-1\" \/>\n<link rel=\"canonical\" href=\"https:\/\/josedemora.com\/fr\/conseils-pour-shabiller-avec-style-apres-60-ans\/\" \/>\n<meta property=\"og:locale\" content=\"fr_FR\" \/>\n<meta property=\"og:type\" content=\"article\" \/>\n<meta property=\"og:title\" content=\"Trucos para Vestir con Estilo Despu\u00e9s de los 60\" \/>\n<meta property=\"og:description\" content=\"\u00a0 La moda es un terreno vasto y sin l\u00edmites de edad, y vestir con elegancia despu\u00e9s de los 60 puede ser una experiencia enriquecedora. Con referentes como Helen Mirren o Sharon Stone, es evidente que la clave est\u00e1 en adaptar las tendencias a la personalidad y a la etapa de la vida en la que te encuentras. Descubre a continuaci\u00f3n, los trucos y consejos de una estilista para vestir bien a partir de los 60.\" \/>\n<meta property=\"og:url\" content=\"https:\/\/josedemora.com\/fr\/conseils-pour-shabiller-avec-style-apres-60-ans\/\" \/>\n<meta property=\"og:site_name\" content=\"Jos\u00e9 de Mora\" \/>\n<meta property=\"article:published_time\" content=\"2024-01-26T19:23:31+00:00\" \/>\n<meta property=\"og:image\" content=\"https:\/\/josedemora.com\/wp-content\/uploads\/2024\/01\/Copia-de-Zapato-navidad.png\" \/>\n\t<meta property=\"og:image:width\" content=\"940\" \/>\n\t<meta property=\"og:image:height\" content=\"788\" \/>\n\t<meta property=\"og:image:type\" content=\"image\/png\" \/>\n<meta name=\"author\" content=\"Sport y Equitaci\u00f3n Valverde S.L\" \/>\n<meta name=\"twitter:card\" content=\"summary_large_image\" \/>\n<meta name=\"twitter:label1\" content=\"\u00c9crit par\" \/>\n\t<meta name=\"twitter:data1\" content=\"Sport y Equitaci\u00f3n Valverde S.L\" \/>\n\t<meta name=\"twitter:label2\" content=\"Dur\u00e9e de lecture estim\u00e9e\" \/>\n\t<meta name=\"twitter:data2\" content=\"4 minutes\" \/>\n<script type=\"application\/ld+json\" class=\"yoast-schema-graph\">{\"@context\":\"https:\/\/schema.org\",\"@graph\":[{\"@type\":\"WebPage\",\"@id\":\"https:\/\/josedemora.com\/trucos-para-vestir-con-estilo-despues-de-los-60\/\",\"url\":\"https:\/\/josedemora.com\/trucos-para-vestir-con-estilo-despues-de-los-60\/\",\"name\":\"Trucos para Vestir con Estilo Despu\u00e9s de los 60 - Jos\u00e9 de Mora\",\"isPartOf\":{\"@id\":\"https:\/\/josedemora.com\/#website\"},\"primaryImageOfPage\":{\"@id\":\"https:\/\/josedemora.com\/trucos-para-vestir-con-estilo-despues-de-los-60\/#primaryimage\"},\"image\":{\"@id\":\"https:\/\/josedemora.com\/trucos-para-vestir-con-estilo-despues-de-los-60\/#primaryimage\"},\"thumbnailUrl\":\"https:\/\/josedemora.com\/wp-content\/uploads\/2024\/01\/Copia-de-Zapato-navidad.png\",\"datePublished\":\"2024-01-26T19:23:31+00:00\",\"dateModified\":\"2024-01-26T19:23:31+00:00\",\"author\":{\"@id\":\"https:\/\/josedemora.com\/#\/schema\/person\/f7753ab9a39a122afeca8e123a8b58ba\"},\"breadcrumb\":{\"@id\":\"https:\/\/josedemora.com\/trucos-para-vestir-con-estilo-despues-de-los-60\/#breadcrumb\"},\"inLanguage\":\"fr-FR\",\"potentialAction\":[{\"@type\":\"ReadAction\",\"target\":[\"https:\/\/josedemora.com\/trucos-para-vestir-con-estilo-despues-de-los-60\/\"]}]},{\"@type\":\"ImageObject\",\"inLanguage\":\"fr-FR\",\"@id\":\"https:\/\/josedemora.com\/trucos-para-vestir-con-estilo-despues-de-los-60\/#primaryimage\",\"url\":\"https:\/\/josedemora.com\/wp-content\/uploads\/2024\/01\/Copia-de-Zapato-navidad.png\",\"contentUrl\":\"https:\/\/josedemora.com\/wp-content\/uploads\/2024\/01\/Copia-de-Zapato-navidad.png\",\"width\":940,\"height\":788},{\"@type\":\"BreadcrumbList\",\"@id\":\"https:\/\/josedemora.com\/trucos-para-vestir-con-estilo-despues-de-los-60\/#breadcrumb\",\"itemListElement\":[{\"@type\":\"ListItem\",\"position\":1,\"name\":\"Portada\",\"item\":\"https:\/\/josedemora.com\/\"},{\"@type\":\"ListItem\",\"position\":2,\"name\":\"Trucos para Vestir con Estilo Despu\u00e9s de los 60\"}]},{\"@type\":\"WebSite\",\"@id\":\"https:\/\/josedemora.com\/#website\",\"url\":\"https:\/\/josedemora.com\/\",\"name\":\"Jos\u00e9 de Mora\",\"description\":\"\",\"potentialAction\":[{\"@type\":\"SearchAction\",\"target\":{\"@type\":\"EntryPoint\",\"urlTemplate\":\"https:\/\/josedemora.com\/?s={search_term_string}\"},\"query-input\":{\"@type\":\"PropertyValueSpecification\",\"valueRequired\":true,\"valueName\":\"search_term_string\"}}],\"inLanguage\":\"fr-FR\"},{\"@type\":\"Person\",\"@id\":\"https:\/\/josedemora.com\/#\/schema\/person\/f7753ab9a39a122afeca8e123a8b58ba\",\"name\":\"Sport y Equitaci\u00f3n Valverde S.L\",\"image\":{\"@type\":\"ImageObject\",\"inLanguage\":\"fr-FR\",\"@id\":\"https:\/\/josedemora.com\/#\/schema\/person\/image\/\",\"url\":\"https:\/\/secure.gravatar.com\/avatar\/e28dd3fe8cf6a1ceee8c619df57c36d5?s=96&d=mm&r=g\",\"contentUrl\":\"https:\/\/secure.gravatar.com\/avatar\/e28dd3fe8cf6a1ceee8c619df57c36d5?s=96&d=mm&r=g\",\"caption\":\"Sport y Equitaci\u00f3n Valverde S.L\"},\"url\":\"https:\/\/josedemora.com\/fr\/author\/wanda\/\"}]}<\/script>\n<!-- \/ Yoast SEO Premium plugin. -->","yoast_head_json":{"title":"Trucos para Vestir con Estilo Despu\u00e9s de los 60 - Jos\u00e9 de Mora","robots":{"index":"index","follow":"follow","max-snippet":"max-snippet:-1","max-image-preview":"max-image-preview:large","max-video-preview":"max-video-preview:-1"},"canonical":"https:\/\/josedemora.com\/fr\/conseils-pour-shabiller-avec-style-apres-60-ans\/","og_locale":"fr_FR","og_type":"article","og_title":"Trucos para Vestir con Estilo Despu\u00e9s de los 60","og_description":"\u00a0 La moda es un terreno vasto y sin l\u00edmites de edad, y vestir con elegancia despu\u00e9s de los 60 puede ser una experiencia enriquecedora. Con referentes como Helen Mirren o Sharon Stone, es evidente que la clave est\u00e1 en adaptar las tendencias a la personalidad y a la etapa de la vida en la que te encuentras. Descubre a continuaci\u00f3n, los trucos y consejos de una estilista para vestir bien a partir de los 60.","og_url":"https:\/\/josedemora.com\/fr\/conseils-pour-shabiller-avec-style-apres-60-ans\/","og_site_name":"Jos\u00e9 de Mora","article_published_time":"2024-01-26T19:23:31+00:00","og_image":[{"width":940,"height":788,"url":"https:\/\/josedemora.com\/wp-content\/uploads\/2024\/01\/Copia-de-Zapato-navidad.png","type":"image\/png"}],"author":"Sport y Equitaci\u00f3n Valverde S.L","twitter_card":"summary_large_image","twitter_misc":{"\u00c9crit par":"Sport y Equitaci\u00f3n Valverde S.L","Dur\u00e9e de lecture estim\u00e9e":"4 minutes"},"schema":{"@context":"https:\/\/schema.org","@graph":[{"@type":"WebPage","@id":"https:\/\/josedemora.com\/trucos-para-vestir-con-estilo-despues-de-los-60\/","url":"https:\/\/josedemora.com\/trucos-para-vestir-con-estilo-despues-de-los-60\/","name":"Trucos para Vestir con Estilo Despu\u00e9s de los 60 - Jos\u00e9 de Mora","isPartOf":{"@id":"https:\/\/josedemora.com\/#website"},"primaryImageOfPage":{"@id":"https:\/\/josedemora.com\/trucos-para-vestir-con-estilo-despues-de-los-60\/#primaryimage"},"image":{"@id":"https:\/\/josedemora.com\/trucos-para-vestir-con-estilo-despues-de-los-60\/#primaryimage"},"thumbnailUrl":"https:\/\/josedemora.com\/wp-content\/uploads\/2024\/01\/Copia-de-Zapato-navidad.png","datePublished":"2024-01-26T19:23:31+00:00","dateModified":"2024-01-26T19:23:31+00:00","author":{"@id":"https:\/\/josedemora.com\/#\/schema\/person\/f7753ab9a39a122afeca8e123a8b58ba"},"breadcrumb":{"@id":"https:\/\/josedemora.com\/trucos-para-vestir-con-estilo-despues-de-los-60\/#breadcrumb"},"inLanguage":"fr-FR","potentialAction":[{"@type":"ReadAction","target":["https:\/\/josedemora.com\/trucos-para-vestir-con-estilo-despues-de-los-60\/"]}]},{"@type":"ImageObject","inLanguage":"fr-FR","@id":"https:\/\/josedemora.com\/trucos-para-vestir-con-estilo-despues-de-los-60\/#primaryimage","url":"https:\/\/josedemora.com\/wp-content\/uploads\/2024\/01\/Copia-de-Zapato-navidad.png","contentUrl":"https:\/\/josedemora.com\/wp-content\/uploads\/2024\/01\/Copia-de-Zapato-navidad.png","width":940,"height":788},{"@type":"BreadcrumbList","@id":"https:\/\/josedemora.com\/trucos-para-vestir-con-estilo-despues-de-los-60\/#breadcrumb","itemListElement":[{"@type":"ListItem","position":1,"name":"Portada","item":"https:\/\/josedemora.com\/"},{"@type":"ListItem","position":2,"name":"Trucos para Vestir con Estilo Despu\u00e9s de los 60"}]},{"@type":"WebSite","@id":"https:\/\/josedemora.com\/#website","url":"https:\/\/josedemora.com\/","name":"Jos\u00e9 de Mora","description":"","potentialAction":[{"@type":"SearchAction","target":{"@type":"EntryPoint","urlTemplate":"https:\/\/josedemora.com\/?s={search_term_string}"},"query-input":{"@type":"PropertyValueSpecification","valueRequired":true,"valueName":"search_term_string"}}],"inLanguage":"fr-FR"},{"@type":"Person","@id":"https:\/\/josedemora.com\/#\/schema\/person\/f7753ab9a39a122afeca8e123a8b58ba","name":"Sport y Equitaci\u00f3n Valverde S.L","image":{"@type":"ImageObject","inLanguage":"fr-FR","@id":"https:\/\/josedemora.com\/#\/schema\/person\/image\/","url":"https:\/\/secure.gravatar.com\/avatar\/e28dd3fe8cf6a1ceee8c619df57c36d5?s=96&d=mm&r=g","contentUrl":"https:\/\/secure.gravatar.com\/avatar\/e28dd3fe8cf6a1ceee8c619df57c36d5?s=96&d=mm&r=g","caption":"Sport y Equitaci\u00f3n Valverde S.L"},"url":"https:\/\/josedemora.com\/fr\/author\/wanda\/"}]}},"_links":{"self":[{"href":"https:\/\/josedemora.com\/fr\/wp-json\/wp\/v2\/posts\/853","targetHints":{"allow":["GET"]}}],"collection":[{"href":"https:\/\/josedemora.com\/fr\/wp-json\/wp\/v2\/posts"}],"about":[{"href":"https:\/\/josedemora.com\/fr\/wp-json\/wp\/v2\/types\/post"}],"author":[{"embeddable":true,"href":"https:\/\/josedemora.com\/fr\/wp-json\/wp\/v2\/users\/5"}],"replies":[{"embeddable":true,"href":"https:\/\/josedemora.com\/fr\/wp-json\/wp\/v2\/comments?post=853"}],"version-history":[{"count":0,"href":"https:\/\/josedemora.com\/fr\/wp-json\/wp\/v2\/posts\/853\/revisions"}],"wp:featuredmedia":[{"embeddable":true,"href":"https:\/\/josedemora.com\/fr\/wp-json\/wp\/v2\/media\/852"}],"wp:attachment":[{"href":"https:\/\/josedemora.com\/fr\/wp-json\/wp\/v2\/media?parent=853"}],"wp:term":[{"taxonomy":"category","embeddable":true,"href":"https:\/\/josedemora.com\/fr\/wp-json\/wp\/v2\/categories?post=853"},{"taxonomy":"post_tag","embeddable":true,"href":"https:\/\/josedemora.com\/fr\/wp-json\/wp\/v2\/tags?post=853"}],"curies":[{"name":"wp","href":"https:\/\/api.w.org\/{rel}","templated":true}]}}