{"id":745,"date":"2018-09-24T17:25:34","date_gmt":"2018-09-24T17:25:34","guid":{"rendered":"https:\/\/josedemora.com\/tendencias-en-calzado-para-este-otono-invierno-2018-2019\/"},"modified":"2018-09-24T17:25:34","modified_gmt":"2018-09-24T17:25:34","slug":"tendencias-en-calzado-para-este-otono-invierno-2018-2019","status":"publish","type":"post","link":"https:\/\/josedemora.com\/es\/tendencias-en-calzado-para-este-otono-invierno-2018-2019\/","title":{"rendered":"Tendencias en calzado para este oto\u00f1o-invierno 2018-2019"},"content":{"rendered":"<p><img fetchpriority=\"high\" decoding=\"async\" class=\" size-full wp-image-744\" src=\"https:\/\/josedemora.com\/wp-content\/uploads\/2018\/09\/cordonata-scaled.jpg\" alt=\"\" width=\"2560\" height=\"1702\" srcset=\"https:\/\/josedemora.com\/wp-content\/uploads\/2018\/09\/cordonata-scaled.jpg 2560w, https:\/\/josedemora.com\/wp-content\/uploads\/2018\/09\/cordonata-300x199.jpg 300w, https:\/\/josedemora.com\/wp-content\/uploads\/2018\/09\/cordonata-1024x681.jpg 1024w, https:\/\/josedemora.com\/wp-content\/uploads\/2018\/09\/cordonata-768x511.jpg 768w, https:\/\/josedemora.com\/wp-content\/uploads\/2018\/09\/cordonata-1536x1021.jpg 1536w, https:\/\/josedemora.com\/wp-content\/uploads\/2018\/09\/cordonata-2048x1362.jpg 2048w, https:\/\/josedemora.com\/wp-content\/uploads\/2018\/09\/cordonata-600x399.jpg 600w, https:\/\/josedemora.com\/wp-content\/uploads\/2018\/09\/cordonata-170x113.jpg 170w\" sizes=\"(max-width: 2560px) 100vw, 2560px\" \/><\/p>\n<p>Esta nueva temporada de oto\u00f1o-invierno viene cargada de novedades en lo que al\u00a0calzado femenino se refiere. Aunque pr\u00e1cticamente seguimos en verano con temperaturas m\u00e1s propias de principios de agosto, el oto\u00f1o ya esta aqu\u00ed y debemos hacernos eco de las tendencias que se impondr\u00e1n en la calle para esta temporada. Con este art\u00edculo estaremos preparadas para conseguir los modelitos m\u00e1s bonitos antes que nadie y ser las primeras en lucir lo \u00faltimo en moda para nuestros pies.<\/p>\n<p>Como es habitual en los \u00faltimos a\u00f1os, las botas y botines seguir\u00e1n siendo el tipo de calzado que m\u00e1s se llevar\u00e1. Este a\u00f1o destacar\u00e1n los siguientes tipos de botas y botines:<\/p>\n<p>Esta nueva temporada de oto\u00f1o-invierno viene cargada de novedades en lo que al\u00a0calzado femenino se refiere. Aunque pr\u00e1cticamente seguimos en verano con temperaturas m\u00e1s propias de principios de agosto, el oto\u00f1o ya esta aqu\u00ed y debemos hacernos eco de las tendencias que se impondr\u00e1n en la calle para esta temporada. Con este art\u00edculo estaremos preparadas para conseguir los modelitos m\u00e1s bonitos antes que nadie y ser las primeras en lucir lo \u00faltimo en moda para nuestros pies.<\/p>\n<p>Como es habitual en los \u00faltimos a\u00f1os, las botas y botines seguir\u00e1n siendo el tipo de calzado que m\u00e1s se llevar\u00e1. Este a\u00f1o destacar\u00e1n los siguientes tipos de botas y botines:<\/p>\n<p><strong>Botines de tipo Cowboy:<\/strong><\/p>\n<p>Los botines tipo \u00abcowboy\u00bb no son algo nuevo, sin embargo esta temporada se van a llevar m\u00e1s que nunca. Echando un vistazo a los perfiles sociales de las influencers de moda, nos damos cuenta de que ellas ya las tienen en el armario. Son ideales para combinarlas con minifaldas vaqueras a principios de la temporada, y m\u00e1s tarde cuando llegue el frio combinar\u00e1n perfectamente con nuestros trajes de chaqueta, al m\u00e1s puro estilo \u00abcasual\u00bb.<\/p>\n<p><strong>Botas de monta\u00f1a:<\/strong><\/p>\n<p>Otro cl\u00e1sico que nunca se fu\u00e9 del todo, el invierno pasado ya apuntaban a ser tendencia y esta temporada por fin parecen imponerse. Siguiendo el esp\u00edritu del 2000 siguiendo la linea de las Timberland, pero m\u00e1s sofisticadas, las grandes marcas entre ellas Jos\u00e9 de Mora, ya tienen preparados algunos modelos que no nos podremos resistir a comprar. En este caso, la comodidad y funci\u00f3n pr\u00e1ctica es fundamental, y ser\u00e1n una de las principales se\u00f1as de identidad de este tipo de botas, pero sin olvidar la est\u00e9tica, que incluir\u00e1 elementos diferenciadores, como adornos y cordones que resalten sobre el conjunto, convirti\u00e9ndolas en uno de los modelos m\u00e1s deseables.\u00a0<\/p>\n<p><strong>Botas vintage de los 70:<\/strong><\/p>\n<p>El estilo \u00abVintage\u00bb no es un estilo definido en s\u00ed mismo. Vintage hace referencia a lo antiguo, en el calzado no se limita a una \u00e9poca concreta, tenemos calzado vintage inspirado en la moda de los a\u00f1os 20, de los 60 o de los 70 . Esta temporada ser\u00e1 el estilo de los 70 el que tendr\u00e1 su momento de gloria y rejuvenecimiento. Podr\u00e1s sacar el m\u00e1ximo partido a tus minifaldas y vestidos, con unas botas de tac\u00f3n a la altura de la rodilla. Predominar\u00e1n las botas de tac\u00f3n no demasiado alto y colores lisos, principalmente los colores blanco, granate o camel.\u00a0<\/p>\n<p><strong>Zapatillas de suela grande:<\/strong><\/p>\n<p>Y como no todo iban a ser botas, tambi\u00e9n se pondr\u00e1n de moda esta temporada las zapatillas deportivas de suela grande. Siguiendo la est\u00e9tica de los 90 estas zapatillas combinar\u00e1n perfectamente con una diversidad de estilos. Son unas zapatillas con mucho caracter, capaces de modificar la percepci\u00f3n de conjunto del resto de prendas. Los looks m\u00e1s serios dejar\u00e1n de serlo y los m\u00e1s inocentes tendr\u00e1n un punto gamberro.\u00a0<\/p>\n<p>\u00a0<\/p>\n<p><strong>Estampado piel de animal:<\/strong><\/p>\n<p>Los estampados que emulan la piel de animales exhoticos como el leopardo o la cebra tambi\u00e9n estar\u00e1n de moda. No apto para todos los p\u00fablicos, permiten configurar un look muy atrevido y combinar con diferentes tipos de prendas en funci\u00f3n de si queremos obtener un look m\u00e1s \u00abcasual\u00bb o formal.\u00a0\u00a0<\/p>\n","protected":false},"excerpt":{"rendered":"<p><img fetchpriority=\"high\" decoding=\"async\" class=\" size-full wp-image-744\" src=\"https:\/\/josedemora.com\/wp-content\/uploads\/2018\/09\/cordonata-scaled.jpg\" alt=\"\" width=\"2560\" height=\"1702\" srcset=\"https:\/\/josedemora.com\/wp-content\/uploads\/2018\/09\/cordonata-scaled.jpg 2560w, https:\/\/josedemora.com\/wp-content\/uploads\/2018\/09\/cordonata-300x199.jpg 300w, https:\/\/josedemora.com\/wp-content\/uploads\/2018\/09\/cordonata-1024x681.jpg 1024w, https:\/\/josedemora.com\/wp-content\/uploads\/2018\/09\/cordonata-768x511.jpg 768w, https:\/\/josedemora.com\/wp-content\/uploads\/2018\/09\/cordonata-1536x1021.jpg 1536w, https:\/\/josedemora.com\/wp-content\/uploads\/2018\/09\/cordonata-2048x1362.jpg 2048w, https:\/\/josedemora.com\/wp-content\/uploads\/2018\/09\/cordonata-600x399.jpg 600w, https:\/\/josedemora.com\/wp-content\/uploads\/2018\/09\/cordonata-170x113.jpg 170w\" sizes=\"(max-width: 2560px) 100vw, 2560px\" \/><\/p>\n<p>Esta nueva temporada de oto\u00f1o-invierno viene cargada de novedades en lo que al\u00a0calzado femenino se refiere. Aunque pr\u00e1cticamente seguimos en verano con temperaturas m\u00e1s propias de principios de agosto, el oto\u00f1o ya esta aqu\u00ed y debemos hacernos eco de las tendencias que se impondr\u00e1n en la calle para esta temporada. Con este art\u00edculo estaremos preparadas para conseguir los modelitos m\u00e1s bonitos antes que nadie y ser las primeras en lucir lo \u00faltimo en moda para nuestros pies.<\/p>\n<p>Como es habitual en los \u00faltimos a\u00f1os, las botas y botines seguir\u00e1n siendo el tipo de calzado que m\u00e1s se llevar\u00e1. Este a\u00f1o destacar\u00e1n los siguientes tipos de botas y botines:<\/p>\n","protected":false},"author":5,"featured_media":744,"comment_status":"open","ping_status":"open","sticky":false,"template":"","format":"standard","meta":{"_acf_changed":false,"site-sidebar-layout":"default","site-content-layout":"","ast-site-content-layout":"","site-content-style":"default","site-sidebar-style":"default","ast-global-header-display":"","ast-banner-title-visibility":"","ast-main-header-display":"","ast-hfb-above-header-display":"","ast-hfb-below-header-display":"","ast-hfb-mobile-header-display":"","site-post-title":"","ast-breadcrumbs-content":"","ast-featured-img":"","footer-sml-layout":"","theme-transparent-header-meta":"","adv-header-id-meta":"","stick-header-meta":"","header-above-stick-meta":"","header-main-stick-meta":"","header-below-stick-meta":"","astra-migrate-meta-layouts":"default","ast-page-background-enabled":"default","ast-page-background-meta":{"desktop":{"background-color":"var(--ast-global-color-5)","background-image":"","background-repeat":"repeat","background-position":"center center","background-size":"auto","background-attachment":"scroll","background-type":"","background-media":"","overlay-type":"","overlay-color":"","overlay-opacity":"","overlay-gradient":""},"tablet":{"background-color":"","background-image":"","background-repeat":"repeat","background-position":"center center","background-size":"auto","background-attachment":"scroll","background-type":"","background-media":"","overlay-type":"","overlay-color":"","overlay-opacity":"","overlay-gradient":""},"mobile":{"background-color":"","background-image":"","background-repeat":"repeat","background-position":"center center","background-size":"auto","background-attachment":"scroll","background-type":"","background-media":"","overlay-type":"","overlay-color":"","overlay-opacity":"","overlay-gradient":""}},"ast-content-background-meta":{"desktop":{"background-color":"var(--ast-global-color-4)","background-image":"","background-repeat":"repeat","background-position":"center center","background-size":"auto","background-attachment":"scroll","background-type":"","background-media":"","overlay-type":"","overlay-color":"","overlay-opacity":"","overlay-gradient":""},"tablet":{"background-color":"var(--ast-global-color-4)","background-image":"","background-repeat":"repeat","background-position":"center center","background-size":"auto","background-attachment":"scroll","background-type":"","background-media":"","overlay-type":"","overlay-color":"","overlay-opacity":"","overlay-gradient":""},"mobile":{"background-color":"var(--ast-global-color-4)","background-image":"","background-repeat":"repeat","background-position":"center center","background-size":"auto","background-attachment":"scroll","background-type":"","background-media":"","overlay-type":"","overlay-color":"","overlay-opacity":"","overlay-gradient":""}},"footnotes":""},"categories":[62],"tags":[],"class_list":["post-745","post","type-post","status-publish","format-standard","has-post-thumbnail","hentry","category-blog-corporativo"],"acf":[],"yoast_head":"<!-- This site is optimized with the Yoast SEO Premium plugin v23.5 (Yoast SEO v24.1) - https:\/\/yoast.com\/wordpress\/plugins\/seo\/ -->\n<title>Tendencias en calzado para este oto\u00f1o-invierno 2018-2019 - Jos\u00e9 de Mora<\/title>\n<meta name=\"robots\" content=\"index, follow, max-snippet:-1, max-image-preview:large, max-video-preview:-1\" \/>\n<link rel=\"canonical\" href=\"https:\/\/josedemora.com\/es\/tendencias-en-calzado-para-este-otono-invierno-2018-2019\/\" \/>\n<meta property=\"og:locale\" content=\"es_ES\" \/>\n<meta property=\"og:type\" content=\"article\" \/>\n<meta property=\"og:title\" content=\"Tendencias en calzado para este oto\u00f1o-invierno 2018-2019\" \/>\n<meta property=\"og:description\" content=\"Esta nueva temporada de oto\u00f1o-invierno viene cargada de novedades en lo que al\u00a0calzado femenino se refiere. Aunque pr\u00e1cticamente seguimos en verano con temperaturas m\u00e1s propias de principios de agosto, el oto\u00f1o ya esta aqu\u00ed y debemos hacernos eco de las tendencias que se impondr\u00e1n en la calle para esta temporada. Con este art\u00edculo estaremos preparadas para conseguir los modelitos m\u00e1s bonitos antes que nadie y ser las primeras en lucir lo \u00faltimo en moda para nuestros pies. Como es habitual en los \u00faltimos a\u00f1os, las botas y botines seguir\u00e1n siendo el tipo de calzado que m\u00e1s se llevar\u00e1. Este a\u00f1o destacar\u00e1n los siguientes tipos de botas y botines:\" \/>\n<meta property=\"og:url\" content=\"https:\/\/josedemora.com\/es\/tendencias-en-calzado-para-este-otono-invierno-2018-2019\/\" \/>\n<meta property=\"og:site_name\" content=\"Jos\u00e9 de Mora\" \/>\n<meta property=\"article:published_time\" content=\"2018-09-24T17:25:34+00:00\" \/>\n<meta property=\"og:image\" content=\"https:\/\/josedemora.com\/wp-content\/uploads\/2018\/09\/cordonata-scaled.jpg\" \/>\n\t<meta property=\"og:image:width\" content=\"2560\" \/>\n\t<meta property=\"og:image:height\" content=\"1702\" \/>\n\t<meta property=\"og:image:type\" content=\"image\/jpeg\" \/>\n<meta name=\"author\" content=\"Sport y Equitaci\u00f3n Valverde S.L\" \/>\n<meta name=\"twitter:card\" content=\"summary_large_image\" \/>\n<meta name=\"twitter:label1\" content=\"Escrito por\" \/>\n\t<meta name=\"twitter:data1\" content=\"Sport y Equitaci\u00f3n Valverde S.L\" \/>\n\t<meta name=\"twitter:label2\" content=\"Tiempo de lectura\" \/>\n\t<meta name=\"twitter:data2\" content=\"3 minutos\" \/>\n<script type=\"application\/ld+json\" class=\"yoast-schema-graph\">{\"@context\":\"https:\/\/schema.org\",\"@graph\":[{\"@type\":\"WebPage\",\"@id\":\"https:\/\/josedemora.com\/tendencias-en-calzado-para-este-otono-invierno-2018-2019\/\",\"url\":\"https:\/\/josedemora.com\/tendencias-en-calzado-para-este-otono-invierno-2018-2019\/\",\"name\":\"Tendencias en calzado para este oto\u00f1o-invierno 2018-2019 - Jos\u00e9 de Mora\",\"isPartOf\":{\"@id\":\"https:\/\/josedemora.com\/#website\"},\"primaryImageOfPage\":{\"@id\":\"https:\/\/josedemora.com\/tendencias-en-calzado-para-este-otono-invierno-2018-2019\/#primaryimage\"},\"image\":{\"@id\":\"https:\/\/josedemora.com\/tendencias-en-calzado-para-este-otono-invierno-2018-2019\/#primaryimage\"},\"thumbnailUrl\":\"https:\/\/josedemora.com\/wp-content\/uploads\/2018\/09\/cordonata-scaled.jpg\",\"datePublished\":\"2018-09-24T17:25:34+00:00\",\"dateModified\":\"2018-09-24T17:25:34+00:00\",\"author\":{\"@id\":\"https:\/\/josedemora.com\/#\/schema\/person\/f7753ab9a39a122afeca8e123a8b58ba\"},\"breadcrumb\":{\"@id\":\"https:\/\/josedemora.com\/tendencias-en-calzado-para-este-otono-invierno-2018-2019\/#breadcrumb\"},\"inLanguage\":\"es\",\"potentialAction\":[{\"@type\":\"ReadAction\",\"target\":[\"https:\/\/josedemora.com\/tendencias-en-calzado-para-este-otono-invierno-2018-2019\/\"]}]},{\"@type\":\"ImageObject\",\"inLanguage\":\"es\",\"@id\":\"https:\/\/josedemora.com\/tendencias-en-calzado-para-este-otono-invierno-2018-2019\/#primaryimage\",\"url\":\"https:\/\/josedemora.com\/wp-content\/uploads\/2018\/09\/cordonata-scaled.jpg\",\"contentUrl\":\"https:\/\/josedemora.com\/wp-content\/uploads\/2018\/09\/cordonata-scaled.jpg\",\"width\":2560,\"height\":1702},{\"@type\":\"BreadcrumbList\",\"@id\":\"https:\/\/josedemora.com\/tendencias-en-calzado-para-este-otono-invierno-2018-2019\/#breadcrumb\",\"itemListElement\":[{\"@type\":\"ListItem\",\"position\":1,\"name\":\"Portada\",\"item\":\"https:\/\/josedemora.com\/\"},{\"@type\":\"ListItem\",\"position\":2,\"name\":\"Tendencias en calzado para este oto\u00f1o-invierno 2018-2019\"}]},{\"@type\":\"WebSite\",\"@id\":\"https:\/\/josedemora.com\/#website\",\"url\":\"https:\/\/josedemora.com\/\",\"name\":\"Jos\u00e9 de Mora\",\"description\":\"\",\"potentialAction\":[{\"@type\":\"SearchAction\",\"target\":{\"@type\":\"EntryPoint\",\"urlTemplate\":\"https:\/\/josedemora.com\/?s={search_term_string}\"},\"query-input\":{\"@type\":\"PropertyValueSpecification\",\"valueRequired\":true,\"valueName\":\"search_term_string\"}}],\"inLanguage\":\"es\"},{\"@type\":\"Person\",\"@id\":\"https:\/\/josedemora.com\/#\/schema\/person\/f7753ab9a39a122afeca8e123a8b58ba\",\"name\":\"Sport y Equitaci\u00f3n Valverde S.L\",\"image\":{\"@type\":\"ImageObject\",\"inLanguage\":\"es\",\"@id\":\"https:\/\/josedemora.com\/#\/schema\/person\/image\/\",\"url\":\"https:\/\/secure.gravatar.com\/avatar\/e28dd3fe8cf6a1ceee8c619df57c36d5?s=96&d=mm&r=g\",\"contentUrl\":\"https:\/\/secure.gravatar.com\/avatar\/e28dd3fe8cf6a1ceee8c619df57c36d5?s=96&d=mm&r=g\",\"caption\":\"Sport y Equitaci\u00f3n Valverde S.L\"},\"url\":\"https:\/\/josedemora.com\/es\/author\/wanda\/\"}]}<\/script>\n<!-- \/ Yoast SEO Premium plugin. -->","yoast_head_json":{"title":"Tendencias en calzado para este oto\u00f1o-invierno 2018-2019 - Jos\u00e9 de Mora","robots":{"index":"index","follow":"follow","max-snippet":"max-snippet:-1","max-image-preview":"max-image-preview:large","max-video-preview":"max-video-preview:-1"},"canonical":"https:\/\/josedemora.com\/es\/tendencias-en-calzado-para-este-otono-invierno-2018-2019\/","og_locale":"es_ES","og_type":"article","og_title":"Tendencias en calzado para este oto\u00f1o-invierno 2018-2019","og_description":"Esta nueva temporada de oto\u00f1o-invierno viene cargada de novedades en lo que al\u00a0calzado femenino se refiere. Aunque pr\u00e1cticamente seguimos en verano con temperaturas m\u00e1s propias de principios de agosto, el oto\u00f1o ya esta aqu\u00ed y debemos hacernos eco de las tendencias que se impondr\u00e1n en la calle para esta temporada. Con este art\u00edculo estaremos preparadas para conseguir los modelitos m\u00e1s bonitos antes que nadie y ser las primeras en lucir lo \u00faltimo en moda para nuestros pies. Como es habitual en los \u00faltimos a\u00f1os, las botas y botines seguir\u00e1n siendo el tipo de calzado que m\u00e1s se llevar\u00e1. Este a\u00f1o destacar\u00e1n los siguientes tipos de botas y botines:","og_url":"https:\/\/josedemora.com\/es\/tendencias-en-calzado-para-este-otono-invierno-2018-2019\/","og_site_name":"Jos\u00e9 de Mora","article_published_time":"2018-09-24T17:25:34+00:00","og_image":[{"width":2560,"height":1702,"url":"https:\/\/josedemora.com\/wp-content\/uploads\/2018\/09\/cordonata-scaled.jpg","type":"image\/jpeg"}],"author":"Sport y Equitaci\u00f3n Valverde S.L","twitter_card":"summary_large_image","twitter_misc":{"Escrito por":"Sport y Equitaci\u00f3n Valverde S.L","Tiempo de lectura":"3 minutos"},"schema":{"@context":"https:\/\/schema.org","@graph":[{"@type":"WebPage","@id":"https:\/\/josedemora.com\/tendencias-en-calzado-para-este-otono-invierno-2018-2019\/","url":"https:\/\/josedemora.com\/tendencias-en-calzado-para-este-otono-invierno-2018-2019\/","name":"Tendencias en calzado para este oto\u00f1o-invierno 2018-2019 - Jos\u00e9 de Mora","isPartOf":{"@id":"https:\/\/josedemora.com\/#website"},"primaryImageOfPage":{"@id":"https:\/\/josedemora.com\/tendencias-en-calzado-para-este-otono-invierno-2018-2019\/#primaryimage"},"image":{"@id":"https:\/\/josedemora.com\/tendencias-en-calzado-para-este-otono-invierno-2018-2019\/#primaryimage"},"thumbnailUrl":"https:\/\/josedemora.com\/wp-content\/uploads\/2018\/09\/cordonata-scaled.jpg","datePublished":"2018-09-24T17:25:34+00:00","dateModified":"2018-09-24T17:25:34+00:00","author":{"@id":"https:\/\/josedemora.com\/#\/schema\/person\/f7753ab9a39a122afeca8e123a8b58ba"},"breadcrumb":{"@id":"https:\/\/josedemora.com\/tendencias-en-calzado-para-este-otono-invierno-2018-2019\/#breadcrumb"},"inLanguage":"es","potentialAction":[{"@type":"ReadAction","target":["https:\/\/josedemora.com\/tendencias-en-calzado-para-este-otono-invierno-2018-2019\/"]}]},{"@type":"ImageObject","inLanguage":"es","@id":"https:\/\/josedemora.com\/tendencias-en-calzado-para-este-otono-invierno-2018-2019\/#primaryimage","url":"https:\/\/josedemora.com\/wp-content\/uploads\/2018\/09\/cordonata-scaled.jpg","contentUrl":"https:\/\/josedemora.com\/wp-content\/uploads\/2018\/09\/cordonata-scaled.jpg","width":2560,"height":1702},{"@type":"BreadcrumbList","@id":"https:\/\/josedemora.com\/tendencias-en-calzado-para-este-otono-invierno-2018-2019\/#breadcrumb","itemListElement":[{"@type":"ListItem","position":1,"name":"Portada","item":"https:\/\/josedemora.com\/"},{"@type":"ListItem","position":2,"name":"Tendencias en calzado para este oto\u00f1o-invierno 2018-2019"}]},{"@type":"WebSite","@id":"https:\/\/josedemora.com\/#website","url":"https:\/\/josedemora.com\/","name":"Jos\u00e9 de Mora","description":"","potentialAction":[{"@type":"SearchAction","target":{"@type":"EntryPoint","urlTemplate":"https:\/\/josedemora.com\/?s={search_term_string}"},"query-input":{"@type":"PropertyValueSpecification","valueRequired":true,"valueName":"search_term_string"}}],"inLanguage":"es"},{"@type":"Person","@id":"https:\/\/josedemora.com\/#\/schema\/person\/f7753ab9a39a122afeca8e123a8b58ba","name":"Sport y Equitaci\u00f3n Valverde S.L","image":{"@type":"ImageObject","inLanguage":"es","@id":"https:\/\/josedemora.com\/#\/schema\/person\/image\/","url":"https:\/\/secure.gravatar.com\/avatar\/e28dd3fe8cf6a1ceee8c619df57c36d5?s=96&d=mm&r=g","contentUrl":"https:\/\/secure.gravatar.com\/avatar\/e28dd3fe8cf6a1ceee8c619df57c36d5?s=96&d=mm&r=g","caption":"Sport y Equitaci\u00f3n Valverde S.L"},"url":"https:\/\/josedemora.com\/es\/author\/wanda\/"}]}},"_links":{"self":[{"href":"https:\/\/josedemora.com\/es\/wp-json\/wp\/v2\/posts\/745","targetHints":{"allow":["GET"]}}],"collection":[{"href":"https:\/\/josedemora.com\/es\/wp-json\/wp\/v2\/posts"}],"about":[{"href":"https:\/\/josedemora.com\/es\/wp-json\/wp\/v2\/types\/post"}],"author":[{"embeddable":true,"href":"https:\/\/josedemora.com\/es\/wp-json\/wp\/v2\/users\/5"}],"replies":[{"embeddable":true,"href":"https:\/\/josedemora.com\/es\/wp-json\/wp\/v2\/comments?post=745"}],"version-history":[{"count":0,"href":"https:\/\/josedemora.com\/es\/wp-json\/wp\/v2\/posts\/745\/revisions"}],"wp:featuredmedia":[{"embeddable":true,"href":"https:\/\/josedemora.com\/es\/wp-json\/wp\/v2\/media\/744"}],"wp:attachment":[{"href":"https:\/\/josedemora.com\/es\/wp-json\/wp\/v2\/media?parent=745"}],"wp:term":[{"taxonomy":"category","embeddable":true,"href":"https:\/\/josedemora.com\/es\/wp-json\/wp\/v2\/categories?post=745"},{"taxonomy":"post_tag","embeddable":true,"href":"https:\/\/josedemora.com\/es\/wp-json\/wp\/v2\/tags?post=745"}],"curies":[{"name":"wp","href":"https:\/\/api.w.org\/{rel}","templated":true}]}}