{"id":725,"date":"2016-11-12T18:45:39","date_gmt":"2016-11-12T18:45:39","guid":{"rendered":"https:\/\/josedemora.com\/calzado-para-la-temporada-de-otono-invierno-2016\/"},"modified":"2016-11-12T18:45:39","modified_gmt":"2016-11-12T18:45:39","slug":"calzado-para-la-temporada-de-otono-invierno-2016","status":"publish","type":"post","link":"https:\/\/josedemora.com\/es\/calzado-para-la-temporada-de-otono-invierno-2016\/","title":{"rendered":"Calzado para la temporada de oto\u00f1o \u2013 invierno 2016"},"content":{"rendered":"<p><img fetchpriority=\"high\" decoding=\"async\" class=\" size-full wp-image-724\" src=\"https:\/\/josedemora.com\/wp-content\/uploads\/2016\/11\/15.jpg\" alt=\"\" width=\"830\" height=\"500\" srcset=\"https:\/\/josedemora.com\/wp-content\/uploads\/2016\/11\/15.jpg 830w, https:\/\/josedemora.com\/wp-content\/uploads\/2016\/11\/15-300x181.jpg 300w, https:\/\/josedemora.com\/wp-content\/uploads\/2016\/11\/15-768x463.jpg 768w, https:\/\/josedemora.com\/wp-content\/uploads\/2016\/11\/15-600x361.jpg 600w, https:\/\/josedemora.com\/wp-content\/uploads\/2016\/11\/15-170x102.jpg 170w\" sizes=\"(max-width: 830px) 100vw, 830px\" \/><\/p>\n<p>Encontr\u00e1ndonos ya en pleno oto\u00f1o es el momento de hablaros de las nuevas tendencias que se estan llevando en lo referente al calzado. Lo primero que se preguntan muchas y muchos es si me servir\u00e1n los zapatos de la temporada pasada para ir a la moda o al menos parecerlo en esta temporada. Lo cierto es que depender\u00e1 de nosotros mismos la elecci\u00f3n, de lo \u201ca la \u00faltima\u201d que queramos estar pero esta temporada lo tendremos m\u00e1s f\u00e1cil que otros a\u00f1os para reutilizar modelitos ya que se dar\u00e1 continuidad a la linea de la temporada anterior.<\/p>\n<p>De todas formas si tienes algunos euros de m\u00e1s seguro que deseas renovar tu armario, la oferta que podemos encontrar ya en las tiendas, es muy amplia, en\u00a0<a href=\"https:\/\/www.josedemora.com\">josedemora.com<\/a>\u00a0ya nos hemos puesto las pilas y hemos puesto a la venta nuestros primeros zapatos artesanales de nueva temporada en nuestra web.<\/p>\n<p>\u00a0<\/p>\n<p>Como casi todos los oto\u00f1os e inviernos las botas ocupar\u00e1n un lugar preponderante, aunque no ser\u00e1n el \u00fanico tipo de calzado disponible, los botines, mocasines tanto para hombre como para mujer, bombines y bailarinas tambi\u00e9n se llevar\u00e1n esta temporada. Y como la imaginaci\u00f3n no tiene l\u00edmites cada a\u00f1o la industria del calzado va innovando y trayendonos dise\u00f1os completamente nuevos como los botines con volantes.<\/p>\n<p>\u00a0<\/p>\n<p>Los botines con cordones para hombre realizados en pieles de calidad tambi\u00e9n se llevar\u00e1n esta temporada. Este tipo de botines nos aportan un aliciente a\u00f1adido para lograr un estilo vintage.<\/p>\n<p>\u00a0<\/p>\n<p>Al igual que el a\u00f1o anterior las volveremos a encontrarnos las botas hasta las rodillas e incluso m\u00e1s arriba. Las botas militares tambi\u00e9n regresan este a\u00f1o para aquellos que desean un estilo m\u00e1s urbano. Y para aquellos que quieren llevar botines con un look m\u00e1s moderno, podemos encontrar ya modelos m\u00e1s \u201csport\u201d en las tiendas.<\/p>\n<p>\u00a0<\/p>\n<p>El calzado utilizar\u00e1 una variada gama de materiales en su fabricaci\u00f3n aunque seguir\u00e1n siendo los modelos fabricados artesanalmente en pieles de calidad los que dar\u00e1n un mejor resultado en cuanto a duraci\u00f3n y resistencia.<\/p>\n<p>\u00a0<\/p>\n<p>Los mocasines para hombres tambi\u00e9n estar\u00e1n de moda, ideales para conseguir un look m\u00e1s elegante, combinan perfectamente con pantalones de tipo \u201cchino\u201d , en Josedemora.com podr\u00e1s encontrar algunos modelos de esta nueva temporada.<\/p>\n<p>Imagen extra\u00edda de:\u00a0bezzia.com<\/p>\n","protected":false},"excerpt":{"rendered":"<p><img fetchpriority=\"high\" decoding=\"async\" class=\" size-full wp-image-724\" src=\"https:\/\/josedemora.com\/wp-content\/uploads\/2016\/11\/15.jpg\" alt=\"\" width=\"830\" height=\"500\" srcset=\"https:\/\/josedemora.com\/wp-content\/uploads\/2016\/11\/15.jpg 830w, https:\/\/josedemora.com\/wp-content\/uploads\/2016\/11\/15-300x181.jpg 300w, https:\/\/josedemora.com\/wp-content\/uploads\/2016\/11\/15-768x463.jpg 768w, https:\/\/josedemora.com\/wp-content\/uploads\/2016\/11\/15-600x361.jpg 600w, https:\/\/josedemora.com\/wp-content\/uploads\/2016\/11\/15-170x102.jpg 170w\" sizes=\"(max-width: 830px) 100vw, 830px\" \/><\/p>\n<p>Encontr\u00e1ndonos ya en pleno oto\u00f1o es el momento de hablaros de las nuevas tendencias que se estan llevando en lo referente al calzado. Lo primero que se preguntan muchas y muchos es si me servir\u00e1n los zapatos de la temporada pasada para ir a la moda o al menos parecerlo en esta temporada. Lo cierto es que depender\u00e1 de nosotros mismos la elecci\u00f3n, de lo \u201ca la \u00faltima\u201d que queramos estar pero esta temporada lo tendremos m\u00e1s f\u00e1cil que otros a\u00f1os para reutilizar modelitos ya que se dar\u00e1 continuidad a la linea de la temporada anterior.<\/p>\n","protected":false},"author":5,"featured_media":724,"comment_status":"open","ping_status":"open","sticky":false,"template":"","format":"standard","meta":{"_acf_changed":false,"site-sidebar-layout":"default","site-content-layout":"","ast-site-content-layout":"","site-content-style":"default","site-sidebar-style":"default","ast-global-header-display":"","ast-banner-title-visibility":"","ast-main-header-display":"","ast-hfb-above-header-display":"","ast-hfb-below-header-display":"","ast-hfb-mobile-header-display":"","site-post-title":"","ast-breadcrumbs-content":"","ast-featured-img":"","footer-sml-layout":"","theme-transparent-header-meta":"","adv-header-id-meta":"","stick-header-meta":"","header-above-stick-meta":"","header-main-stick-meta":"","header-below-stick-meta":"","astra-migrate-meta-layouts":"default","ast-page-background-enabled":"default","ast-page-background-meta":{"desktop":{"background-color":"var(--ast-global-color-5)","background-image":"","background-repeat":"repeat","background-position":"center center","background-size":"auto","background-attachment":"scroll","background-type":"","background-media":"","overlay-type":"","overlay-color":"","overlay-opacity":"","overlay-gradient":""},"tablet":{"background-color":"","background-image":"","background-repeat":"repeat","background-position":"center center","background-size":"auto","background-attachment":"scroll","background-type":"","background-media":"","overlay-type":"","overlay-color":"","overlay-opacity":"","overlay-gradient":""},"mobile":{"background-color":"","background-image":"","background-repeat":"repeat","background-position":"center center","background-size":"auto","background-attachment":"scroll","background-type":"","background-media":"","overlay-type":"","overlay-color":"","overlay-opacity":"","overlay-gradient":""}},"ast-content-background-meta":{"desktop":{"background-color":"var(--ast-global-color-4)","background-image":"","background-repeat":"repeat","background-position":"center center","background-size":"auto","background-attachment":"scroll","background-type":"","background-media":"","overlay-type":"","overlay-color":"","overlay-opacity":"","overlay-gradient":""},"tablet":{"background-color":"var(--ast-global-color-4)","background-image":"","background-repeat":"repeat","background-position":"center center","background-size":"auto","background-attachment":"scroll","background-type":"","background-media":"","overlay-type":"","overlay-color":"","overlay-opacity":"","overlay-gradient":""},"mobile":{"background-color":"var(--ast-global-color-4)","background-image":"","background-repeat":"repeat","background-position":"center center","background-size":"auto","background-attachment":"scroll","background-type":"","background-media":"","overlay-type":"","overlay-color":"","overlay-opacity":"","overlay-gradient":""}},"footnotes":""},"categories":[62],"tags":[],"class_list":["post-725","post","type-post","status-publish","format-standard","has-post-thumbnail","hentry","category-blog-corporativo"],"acf":[],"yoast_head":"<!-- This site is optimized with the Yoast SEO Premium plugin v23.5 (Yoast SEO v24.1) - https:\/\/yoast.com\/wordpress\/plugins\/seo\/ -->\n<title>Calzado para la temporada de oto\u00f1o \u2013 invierno 2016 - Jos\u00e9 de Mora<\/title>\n<meta name=\"robots\" content=\"index, follow, max-snippet:-1, max-image-preview:large, max-video-preview:-1\" \/>\n<link rel=\"canonical\" href=\"https:\/\/josedemora.com\/es\/calzado-para-la-temporada-de-otono-invierno-2016\/\" \/>\n<meta property=\"og:locale\" content=\"es_ES\" \/>\n<meta property=\"og:type\" content=\"article\" \/>\n<meta property=\"og:title\" content=\"Calzado para la temporada de oto\u00f1o \u2013 invierno 2016\" \/>\n<meta property=\"og:description\" content=\"Encontr\u00e1ndonos ya en pleno oto\u00f1o es el momento de hablaros de las nuevas tendencias que se estan llevando en lo referente al calzado. Lo primero que se preguntan muchas y muchos es si me servir\u00e1n los zapatos de la temporada pasada para ir a la moda o al menos parecerlo en esta temporada. Lo cierto es que depender\u00e1 de nosotros mismos la elecci\u00f3n, de lo \u201ca la \u00faltima\u201d que queramos estar pero esta temporada lo tendremos m\u00e1s f\u00e1cil que otros a\u00f1os para reutilizar modelitos ya que se dar\u00e1 continuidad a la linea de la temporada anterior.\" \/>\n<meta property=\"og:url\" content=\"https:\/\/josedemora.com\/es\/calzado-para-la-temporada-de-otono-invierno-2016\/\" \/>\n<meta property=\"og:site_name\" content=\"Jos\u00e9 de Mora\" \/>\n<meta property=\"article:published_time\" content=\"2016-11-12T18:45:39+00:00\" \/>\n<meta property=\"og:image\" content=\"https:\/\/josedemora.com\/wp-content\/uploads\/2016\/11\/15.jpg\" \/>\n\t<meta property=\"og:image:width\" content=\"830\" \/>\n\t<meta property=\"og:image:height\" content=\"500\" \/>\n\t<meta property=\"og:image:type\" content=\"image\/jpeg\" \/>\n<meta name=\"author\" content=\"Sport y Equitaci\u00f3n Valverde S.L\" \/>\n<meta name=\"twitter:card\" content=\"summary_large_image\" \/>\n<meta name=\"twitter:label1\" content=\"Escrito por\" \/>\n\t<meta name=\"twitter:data1\" content=\"Sport y Equitaci\u00f3n Valverde S.L\" \/>\n\t<meta name=\"twitter:label2\" content=\"Tiempo de lectura\" \/>\n\t<meta name=\"twitter:data2\" content=\"2 minutos\" \/>\n<script type=\"application\/ld+json\" class=\"yoast-schema-graph\">{\"@context\":\"https:\/\/schema.org\",\"@graph\":[{\"@type\":\"WebPage\",\"@id\":\"https:\/\/josedemora.com\/calzado-para-la-temporada-de-otono-invierno-2016\/\",\"url\":\"https:\/\/josedemora.com\/calzado-para-la-temporada-de-otono-invierno-2016\/\",\"name\":\"Calzado para la temporada de oto\u00f1o \u2013 invierno 2016 - Jos\u00e9 de Mora\",\"isPartOf\":{\"@id\":\"https:\/\/josedemora.com\/#website\"},\"primaryImageOfPage\":{\"@id\":\"https:\/\/josedemora.com\/calzado-para-la-temporada-de-otono-invierno-2016\/#primaryimage\"},\"image\":{\"@id\":\"https:\/\/josedemora.com\/calzado-para-la-temporada-de-otono-invierno-2016\/#primaryimage\"},\"thumbnailUrl\":\"https:\/\/josedemora.com\/wp-content\/uploads\/2016\/11\/15.jpg\",\"datePublished\":\"2016-11-12T18:45:39+00:00\",\"dateModified\":\"2016-11-12T18:45:39+00:00\",\"author\":{\"@id\":\"https:\/\/josedemora.com\/#\/schema\/person\/f7753ab9a39a122afeca8e123a8b58ba\"},\"breadcrumb\":{\"@id\":\"https:\/\/josedemora.com\/calzado-para-la-temporada-de-otono-invierno-2016\/#breadcrumb\"},\"inLanguage\":\"es\",\"potentialAction\":[{\"@type\":\"ReadAction\",\"target\":[\"https:\/\/josedemora.com\/calzado-para-la-temporada-de-otono-invierno-2016\/\"]}]},{\"@type\":\"ImageObject\",\"inLanguage\":\"es\",\"@id\":\"https:\/\/josedemora.com\/calzado-para-la-temporada-de-otono-invierno-2016\/#primaryimage\",\"url\":\"https:\/\/josedemora.com\/wp-content\/uploads\/2016\/11\/15.jpg\",\"contentUrl\":\"https:\/\/josedemora.com\/wp-content\/uploads\/2016\/11\/15.jpg\",\"width\":830,\"height\":500},{\"@type\":\"BreadcrumbList\",\"@id\":\"https:\/\/josedemora.com\/calzado-para-la-temporada-de-otono-invierno-2016\/#breadcrumb\",\"itemListElement\":[{\"@type\":\"ListItem\",\"position\":1,\"name\":\"Portada\",\"item\":\"https:\/\/josedemora.com\/\"},{\"@type\":\"ListItem\",\"position\":2,\"name\":\"Calzado para la temporada de oto\u00f1o \u2013 invierno 2016\"}]},{\"@type\":\"WebSite\",\"@id\":\"https:\/\/josedemora.com\/#website\",\"url\":\"https:\/\/josedemora.com\/\",\"name\":\"Jos\u00e9 de Mora\",\"description\":\"\",\"potentialAction\":[{\"@type\":\"SearchAction\",\"target\":{\"@type\":\"EntryPoint\",\"urlTemplate\":\"https:\/\/josedemora.com\/?s={search_term_string}\"},\"query-input\":{\"@type\":\"PropertyValueSpecification\",\"valueRequired\":true,\"valueName\":\"search_term_string\"}}],\"inLanguage\":\"es\"},{\"@type\":\"Person\",\"@id\":\"https:\/\/josedemora.com\/#\/schema\/person\/f7753ab9a39a122afeca8e123a8b58ba\",\"name\":\"Sport y Equitaci\u00f3n Valverde S.L\",\"image\":{\"@type\":\"ImageObject\",\"inLanguage\":\"es\",\"@id\":\"https:\/\/josedemora.com\/#\/schema\/person\/image\/\",\"url\":\"https:\/\/secure.gravatar.com\/avatar\/e28dd3fe8cf6a1ceee8c619df57c36d5?s=96&d=mm&r=g\",\"contentUrl\":\"https:\/\/secure.gravatar.com\/avatar\/e28dd3fe8cf6a1ceee8c619df57c36d5?s=96&d=mm&r=g\",\"caption\":\"Sport y Equitaci\u00f3n Valverde S.L\"},\"url\":\"https:\/\/josedemora.com\/es\/author\/wanda\/\"}]}<\/script>\n<!-- \/ Yoast SEO Premium plugin. -->","yoast_head_json":{"title":"Calzado para la temporada de oto\u00f1o \u2013 invierno 2016 - Jos\u00e9 de Mora","robots":{"index":"index","follow":"follow","max-snippet":"max-snippet:-1","max-image-preview":"max-image-preview:large","max-video-preview":"max-video-preview:-1"},"canonical":"https:\/\/josedemora.com\/es\/calzado-para-la-temporada-de-otono-invierno-2016\/","og_locale":"es_ES","og_type":"article","og_title":"Calzado para la temporada de oto\u00f1o \u2013 invierno 2016","og_description":"Encontr\u00e1ndonos ya en pleno oto\u00f1o es el momento de hablaros de las nuevas tendencias que se estan llevando en lo referente al calzado. Lo primero que se preguntan muchas y muchos es si me servir\u00e1n los zapatos de la temporada pasada para ir a la moda o al menos parecerlo en esta temporada. Lo cierto es que depender\u00e1 de nosotros mismos la elecci\u00f3n, de lo \u201ca la \u00faltima\u201d que queramos estar pero esta temporada lo tendremos m\u00e1s f\u00e1cil que otros a\u00f1os para reutilizar modelitos ya que se dar\u00e1 continuidad a la linea de la temporada anterior.","og_url":"https:\/\/josedemora.com\/es\/calzado-para-la-temporada-de-otono-invierno-2016\/","og_site_name":"Jos\u00e9 de Mora","article_published_time":"2016-11-12T18:45:39+00:00","og_image":[{"width":830,"height":500,"url":"https:\/\/josedemora.com\/wp-content\/uploads\/2016\/11\/15.jpg","type":"image\/jpeg"}],"author":"Sport y Equitaci\u00f3n Valverde S.L","twitter_card":"summary_large_image","twitter_misc":{"Escrito por":"Sport y Equitaci\u00f3n Valverde S.L","Tiempo de lectura":"2 minutos"},"schema":{"@context":"https:\/\/schema.org","@graph":[{"@type":"WebPage","@id":"https:\/\/josedemora.com\/calzado-para-la-temporada-de-otono-invierno-2016\/","url":"https:\/\/josedemora.com\/calzado-para-la-temporada-de-otono-invierno-2016\/","name":"Calzado para la temporada de oto\u00f1o \u2013 invierno 2016 - Jos\u00e9 de Mora","isPartOf":{"@id":"https:\/\/josedemora.com\/#website"},"primaryImageOfPage":{"@id":"https:\/\/josedemora.com\/calzado-para-la-temporada-de-otono-invierno-2016\/#primaryimage"},"image":{"@id":"https:\/\/josedemora.com\/calzado-para-la-temporada-de-otono-invierno-2016\/#primaryimage"},"thumbnailUrl":"https:\/\/josedemora.com\/wp-content\/uploads\/2016\/11\/15.jpg","datePublished":"2016-11-12T18:45:39+00:00","dateModified":"2016-11-12T18:45:39+00:00","author":{"@id":"https:\/\/josedemora.com\/#\/schema\/person\/f7753ab9a39a122afeca8e123a8b58ba"},"breadcrumb":{"@id":"https:\/\/josedemora.com\/calzado-para-la-temporada-de-otono-invierno-2016\/#breadcrumb"},"inLanguage":"es","potentialAction":[{"@type":"ReadAction","target":["https:\/\/josedemora.com\/calzado-para-la-temporada-de-otono-invierno-2016\/"]}]},{"@type":"ImageObject","inLanguage":"es","@id":"https:\/\/josedemora.com\/calzado-para-la-temporada-de-otono-invierno-2016\/#primaryimage","url":"https:\/\/josedemora.com\/wp-content\/uploads\/2016\/11\/15.jpg","contentUrl":"https:\/\/josedemora.com\/wp-content\/uploads\/2016\/11\/15.jpg","width":830,"height":500},{"@type":"BreadcrumbList","@id":"https:\/\/josedemora.com\/calzado-para-la-temporada-de-otono-invierno-2016\/#breadcrumb","itemListElement":[{"@type":"ListItem","position":1,"name":"Portada","item":"https:\/\/josedemora.com\/"},{"@type":"ListItem","position":2,"name":"Calzado para la temporada de oto\u00f1o \u2013 invierno 2016"}]},{"@type":"WebSite","@id":"https:\/\/josedemora.com\/#website","url":"https:\/\/josedemora.com\/","name":"Jos\u00e9 de Mora","description":"","potentialAction":[{"@type":"SearchAction","target":{"@type":"EntryPoint","urlTemplate":"https:\/\/josedemora.com\/?s={search_term_string}"},"query-input":{"@type":"PropertyValueSpecification","valueRequired":true,"valueName":"search_term_string"}}],"inLanguage":"es"},{"@type":"Person","@id":"https:\/\/josedemora.com\/#\/schema\/person\/f7753ab9a39a122afeca8e123a8b58ba","name":"Sport y Equitaci\u00f3n Valverde S.L","image":{"@type":"ImageObject","inLanguage":"es","@id":"https:\/\/josedemora.com\/#\/schema\/person\/image\/","url":"https:\/\/secure.gravatar.com\/avatar\/e28dd3fe8cf6a1ceee8c619df57c36d5?s=96&d=mm&r=g","contentUrl":"https:\/\/secure.gravatar.com\/avatar\/e28dd3fe8cf6a1ceee8c619df57c36d5?s=96&d=mm&r=g","caption":"Sport y Equitaci\u00f3n Valverde S.L"},"url":"https:\/\/josedemora.com\/es\/author\/wanda\/"}]}},"_links":{"self":[{"href":"https:\/\/josedemora.com\/es\/wp-json\/wp\/v2\/posts\/725","targetHints":{"allow":["GET"]}}],"collection":[{"href":"https:\/\/josedemora.com\/es\/wp-json\/wp\/v2\/posts"}],"about":[{"href":"https:\/\/josedemora.com\/es\/wp-json\/wp\/v2\/types\/post"}],"author":[{"embeddable":true,"href":"https:\/\/josedemora.com\/es\/wp-json\/wp\/v2\/users\/5"}],"replies":[{"embeddable":true,"href":"https:\/\/josedemora.com\/es\/wp-json\/wp\/v2\/comments?post=725"}],"version-history":[{"count":0,"href":"https:\/\/josedemora.com\/es\/wp-json\/wp\/v2\/posts\/725\/revisions"}],"wp:featuredmedia":[{"embeddable":true,"href":"https:\/\/josedemora.com\/es\/wp-json\/wp\/v2\/media\/724"}],"wp:attachment":[{"href":"https:\/\/josedemora.com\/es\/wp-json\/wp\/v2\/media?parent=725"}],"wp:term":[{"taxonomy":"category","embeddable":true,"href":"https:\/\/josedemora.com\/es\/wp-json\/wp\/v2\/categories?post=725"},{"taxonomy":"post_tag","embeddable":true,"href":"https:\/\/josedemora.com\/es\/wp-json\/wp\/v2\/tags?post=725"}],"curies":[{"name":"wp","href":"https:\/\/api.w.org\/{rel}","templated":true}]}}