{"id":719,"date":"2017-01-01T18:40:35","date_gmt":"2017-01-01T18:40:35","guid":{"rendered":"https:\/\/josedemora.com\/calzado-masculino-para-la-temporada-de-invierno-2017\/"},"modified":"2017-01-01T18:40:35","modified_gmt":"2017-01-01T18:40:35","slug":"calzado-masculino-para-la-temporada-de-invierno-2017","status":"publish","type":"post","link":"https:\/\/josedemora.com\/es\/calzado-masculino-para-la-temporada-de-invierno-2017\/","title":{"rendered":"Calzado masculino para la temporada de invierno 2017"},"content":{"rendered":"<p><img fetchpriority=\"high\" decoding=\"async\" class=\" size-full wp-image-718\" src=\"https:\/\/josedemora.com\/wp-content\/uploads\/2017\/01\/18.jpg\" alt=\"\" width=\"964\" height=\"964\" srcset=\"https:\/\/josedemora.com\/wp-content\/uploads\/2017\/01\/18.jpg 964w, https:\/\/josedemora.com\/wp-content\/uploads\/2017\/01\/18-300x300.jpg 300w, https:\/\/josedemora.com\/wp-content\/uploads\/2017\/01\/18-150x150.jpg 150w, https:\/\/josedemora.com\/wp-content\/uploads\/2017\/01\/18-768x768.jpg 768w, https:\/\/josedemora.com\/wp-content\/uploads\/2017\/01\/18-600x600.jpg 600w, https:\/\/josedemora.com\/wp-content\/uploads\/2017\/01\/18-100x100.jpg 100w, https:\/\/josedemora.com\/wp-content\/uploads\/2017\/01\/18-50x50.jpg 50w, https:\/\/josedemora.com\/wp-content\/uploads\/2017\/01\/18-170x170.jpg 170w\" sizes=\"(max-width: 964px) 100vw, 964px\" \/><\/p>\n<p>La moda no solo est\u00e1 en la ropa, hoy en d\u00eda el calzado est\u00e1 sufriendo grandes transformaciones que hacen necesario saber combinarlo de un modo adecuado para obtener el mejor resultado. Los mejores estilistas est\u00e1n de acuerdo en que hay muchas ocasiones en las que un buen zapato viste m\u00e1s que el mejor traje, aunque lo ideal es que ambos vayan acordes. Los cambios no solo se han producido en el calzado, sino que esos cambios son una consecuencia directa del cambio de mentalidad masculina, ya que cada vez m\u00e1s hombres se preocupan por su imagen y prestarle la atenci\u00f3n necesaria al calzado es una de las primeras lecciones que debe aprenderse, para poder elegir uno u otro en el momento adecuado. Si eres uno de esos hombres que le gusta ir a la moda en este art\u00edculo se muestran las nuevas tendencias, en cuanto a calzado se refiere, de los pr\u00f3ximos meses.<\/p>\n<p><strong>Zapato cl\u00e1sico<\/strong><\/p>\n<p>Para empezar, se debe aclarar que ir a la moda no implica renunciar a la elegancia, por ello no puede faltar en tu armario un zapato cerrado de piel . Un estilo muy elegante para el calzado masculino y que es tendencia cada temporada. Este zapato puede ser moderno y no solo servir para combinarlo con un traje de chaqueta, sino para mucho m\u00e1s. Por esto apuesta la marca valverde\u00f1a de Jos\u00e9 de Mora que innova cada d\u00eda con calzados elegantes y modernos como pude verse en nuestra p\u00e1gina: <strong><a href=\"es\/calzado-hombre\/zapatos-de-lujo-hombre\">http:\/\/josedemora.com\/es\/calzado-hombre\/zapatos-de-lujo-hombre<\/a><\/strong><\/p>\n<p><strong>Mocasines<\/strong><\/p>\n<p>Quiz\u00e1 este sea un tipo de calzado propio para cualquier estaci\u00f3n, es un calzado como, que podemos llevar durante las 24 horas. Adem\u00e1s, son un tipo de zapato que consigue ser elegante a la par que informal, por tanto, puede decirse que es un comod\u00edn que no puede faltar en tu armario. Actualmente encontramos mocasines de todos los colores, pero para la temporada que nos compete es mucho m\u00e1s adecuado usar colores oto\u00f1ales, como los tonos tierras, azul marino, verdes oscuros, o burdeos. Combinados con un jersey y unos jeans ofrecen un fantastico look casual. Botas No podemos olvidar las botas en invierno, son el calzado de invierno por excelencia, y eso se agradece sobre todo para ir a la moda los d\u00edas de lluvia. Dentro de las botas podemos elegir entre diferentes tipos dependiendo del estilo que busquemos, las botas militares son tendencia desde hace un par de a\u00f1os, pero si debemos decidirnos por unas botas para este 2017, sin duda son las de monta\u00f1a, perfectas para usar en el d\u00eda a d\u00eda, c\u00f3modas, abrigadas y de \u00faltima tendencia. Otra opci\u00f3n que no debemos dejar de comentar son las safari, que nos permiten tener la comodidad de unas botas en un look algo m\u00e1s elegante, combin\u00e1ndolas a la perfecci\u00f3n con vaqueros.<\/p>\n<p><strong>Zapatillas deportivas<\/strong><\/p>\n<p>Las deportivas han tomado gran importancia todas las temporadas anteriores y esta siguen siendo tendencia en este nuevo a\u00f1o. Lo cual es una ventaja, para ir muy c\u00f3modo y a la moda, adem\u00e1s hay multitud de modelos entre los que elegir, desde los estilos m\u00e1s deportivos hasta los que se acercan m\u00e1s a un zapato casual que a un calzado para realizar cualquier actividad f\u00edsica. Solo tienes que buscar un poco para encontrar el que m\u00e1s se adapte a ti, a tu ropa y a tu estilo de vida. Para combinarlas tampoco tendr\u00e1s ning\u00fan problema, ya que es muy sencillo adecuarlas a tu look.<\/p>\n<p><strong>Botines Chelsea<\/strong><\/p>\n<p>Estos botines de aire retro puedes encontrarlos en cuero y en piel, incluso en piel vuelta, y estar\u00e1n de moda en lo que queda de invierno. Quiz\u00e1 estos sean la novedad de esta temporada, por lo que si quieres ir a la \u00faltima moda necesitar\u00e1s unos. Un look perfecto con estos botines es acompa\u00f1arlos con vaqueros rotos, una tendencia que durar\u00e1 hasta entrada la primavera, combin\u00e1ndolos con camisetas divertidas de colores m\u00e1s vivos. Hasta ahora hemos repasado las tendencias de moda en calzado, ahora debes ser el que consiga combinarlos, para crear tus propios looks.<\/p>\n","protected":false},"excerpt":{"rendered":"<p><img fetchpriority=\"high\" decoding=\"async\" class=\" size-full wp-image-718\" src=\"https:\/\/josedemora.com\/wp-content\/uploads\/2017\/01\/18.jpg\" alt=\"\" width=\"964\" height=\"964\" srcset=\"https:\/\/josedemora.com\/wp-content\/uploads\/2017\/01\/18.jpg 964w, https:\/\/josedemora.com\/wp-content\/uploads\/2017\/01\/18-300x300.jpg 300w, https:\/\/josedemora.com\/wp-content\/uploads\/2017\/01\/18-150x150.jpg 150w, https:\/\/josedemora.com\/wp-content\/uploads\/2017\/01\/18-768x768.jpg 768w, https:\/\/josedemora.com\/wp-content\/uploads\/2017\/01\/18-600x600.jpg 600w, https:\/\/josedemora.com\/wp-content\/uploads\/2017\/01\/18-100x100.jpg 100w, https:\/\/josedemora.com\/wp-content\/uploads\/2017\/01\/18-50x50.jpg 50w, https:\/\/josedemora.com\/wp-content\/uploads\/2017\/01\/18-170x170.jpg 170w\" sizes=\"(max-width: 964px) 100vw, 964px\" \/><\/p>\n<p>La moda no solo est\u00e1 en la ropa, hoy en d\u00eda el calzado est\u00e1 sufriendo grandes transformaciones que hacen necesario saber combinarlo de un modo adecuado para obtener el mejor resultado. Los mejores estilistas est\u00e1n de acuerdo en que hay muchas ocasiones en las que un buen zapato viste m\u00e1s que el mejor traje, aunque lo ideal es que ambos vayan acordes. Los cambios no solo se han producido en el calzado, sino que esos cambios son una consecuencia directa del cambio de mentalidad masculina, ya que cada vez m\u00e1s hombres se preocupan por su imagen y prestarle la atenci\u00f3n necesaria al calzado es una de las primeras lecciones que debe aprenderse, para poder elegir uno u otro en el momento adecuado. Si eres uno de esos hombres que le gusta ir a la moda en este art\u00edculo se muestran las nuevas tendencias, en cuanto a calzado se refiere, de los pr\u00f3ximos meses.<\/p>\n","protected":false},"author":5,"featured_media":718,"comment_status":"open","ping_status":"open","sticky":false,"template":"","format":"standard","meta":{"_acf_changed":false,"site-sidebar-layout":"default","site-content-layout":"","ast-site-content-layout":"","site-content-style":"default","site-sidebar-style":"default","ast-global-header-display":"","ast-banner-title-visibility":"","ast-main-header-display":"","ast-hfb-above-header-display":"","ast-hfb-below-header-display":"","ast-hfb-mobile-header-display":"","site-post-title":"","ast-breadcrumbs-content":"","ast-featured-img":"","footer-sml-layout":"","theme-transparent-header-meta":"","adv-header-id-meta":"","stick-header-meta":"","header-above-stick-meta":"","header-main-stick-meta":"","header-below-stick-meta":"","astra-migrate-meta-layouts":"default","ast-page-background-enabled":"default","ast-page-background-meta":{"desktop":{"background-color":"var(--ast-global-color-5)","background-image":"","background-repeat":"repeat","background-position":"center center","background-size":"auto","background-attachment":"scroll","background-type":"","background-media":"","overlay-type":"","overlay-color":"","overlay-opacity":"","overlay-gradient":""},"tablet":{"background-color":"","background-image":"","background-repeat":"repeat","background-position":"center center","background-size":"auto","background-attachment":"scroll","background-type":"","background-media":"","overlay-type":"","overlay-color":"","overlay-opacity":"","overlay-gradient":""},"mobile":{"background-color":"","background-image":"","background-repeat":"repeat","background-position":"center center","background-size":"auto","background-attachment":"scroll","background-type":"","background-media":"","overlay-type":"","overlay-color":"","overlay-opacity":"","overlay-gradient":""}},"ast-content-background-meta":{"desktop":{"background-color":"var(--ast-global-color-4)","background-image":"","background-repeat":"repeat","background-position":"center center","background-size":"auto","background-attachment":"scroll","background-type":"","background-media":"","overlay-type":"","overlay-color":"","overlay-opacity":"","overlay-gradient":""},"tablet":{"background-color":"var(--ast-global-color-4)","background-image":"","background-repeat":"repeat","background-position":"center center","background-size":"auto","background-attachment":"scroll","background-type":"","background-media":"","overlay-type":"","overlay-color":"","overlay-opacity":"","overlay-gradient":""},"mobile":{"background-color":"var(--ast-global-color-4)","background-image":"","background-repeat":"repeat","background-position":"center center","background-size":"auto","background-attachment":"scroll","background-type":"","background-media":"","overlay-type":"","overlay-color":"","overlay-opacity":"","overlay-gradient":""}},"footnotes":""},"categories":[62],"tags":[],"class_list":["post-719","post","type-post","status-publish","format-standard","has-post-thumbnail","hentry","category-blog-corporativo"],"acf":[],"yoast_head":"<!-- This site is optimized with the Yoast SEO Premium plugin v23.5 (Yoast SEO v24.1) - https:\/\/yoast.com\/wordpress\/plugins\/seo\/ -->\n<title>Calzado masculino para la temporada de invierno 2017 - Jos\u00e9 de Mora<\/title>\n<meta name=\"robots\" content=\"index, follow, max-snippet:-1, max-image-preview:large, max-video-preview:-1\" \/>\n<link rel=\"canonical\" href=\"https:\/\/josedemora.com\/es\/calzado-masculino-para-la-temporada-de-invierno-2017\/\" \/>\n<meta property=\"og:locale\" content=\"es_ES\" \/>\n<meta property=\"og:type\" content=\"article\" \/>\n<meta property=\"og:title\" content=\"Calzado masculino para la temporada de invierno 2017\" \/>\n<meta property=\"og:description\" content=\"La moda no solo est\u00e1 en la ropa, hoy en d\u00eda el calzado est\u00e1 sufriendo grandes transformaciones que hacen necesario saber combinarlo de un modo adecuado para obtener el mejor resultado. Los mejores estilistas est\u00e1n de acuerdo en que hay muchas ocasiones en las que un buen zapato viste m\u00e1s que el mejor traje, aunque lo ideal es que ambos vayan acordes. Los cambios no solo se han producido en el calzado, sino que esos cambios son una consecuencia directa del cambio de mentalidad masculina, ya que cada vez m\u00e1s hombres se preocupan por su imagen y prestarle la atenci\u00f3n necesaria al calzado es una de las primeras lecciones que debe aprenderse, para poder elegir uno u otro en el momento adecuado. Si eres uno de esos hombres que le gusta ir a la moda en este art\u00edculo se muestran las nuevas tendencias, en cuanto a calzado se refiere, de los pr\u00f3ximos meses.\" \/>\n<meta property=\"og:url\" content=\"https:\/\/josedemora.com\/es\/calzado-masculino-para-la-temporada-de-invierno-2017\/\" \/>\n<meta property=\"og:site_name\" content=\"Jos\u00e9 de Mora\" \/>\n<meta property=\"article:published_time\" content=\"2017-01-01T18:40:35+00:00\" \/>\n<meta property=\"og:image\" content=\"https:\/\/josedemora.com\/wp-content\/uploads\/2017\/01\/18.jpg\" \/>\n\t<meta property=\"og:image:width\" content=\"964\" \/>\n\t<meta property=\"og:image:height\" content=\"964\" \/>\n\t<meta property=\"og:image:type\" content=\"image\/jpeg\" \/>\n<meta name=\"author\" content=\"Sport y Equitaci\u00f3n Valverde S.L\" \/>\n<meta name=\"twitter:card\" content=\"summary_large_image\" \/>\n<meta name=\"twitter:label1\" content=\"Escrito por\" \/>\n\t<meta name=\"twitter:data1\" content=\"Sport y Equitaci\u00f3n Valverde S.L\" \/>\n\t<meta name=\"twitter:label2\" content=\"Tiempo de lectura\" \/>\n\t<meta name=\"twitter:data2\" content=\"4 minutos\" \/>\n<script type=\"application\/ld+json\" class=\"yoast-schema-graph\">{\"@context\":\"https:\/\/schema.org\",\"@graph\":[{\"@type\":\"WebPage\",\"@id\":\"https:\/\/josedemora.com\/calzado-masculino-para-la-temporada-de-invierno-2017\/\",\"url\":\"https:\/\/josedemora.com\/calzado-masculino-para-la-temporada-de-invierno-2017\/\",\"name\":\"Calzado masculino para la temporada de invierno 2017 - Jos\u00e9 de Mora\",\"isPartOf\":{\"@id\":\"https:\/\/josedemora.com\/#website\"},\"primaryImageOfPage\":{\"@id\":\"https:\/\/josedemora.com\/calzado-masculino-para-la-temporada-de-invierno-2017\/#primaryimage\"},\"image\":{\"@id\":\"https:\/\/josedemora.com\/calzado-masculino-para-la-temporada-de-invierno-2017\/#primaryimage\"},\"thumbnailUrl\":\"https:\/\/josedemora.com\/wp-content\/uploads\/2017\/01\/18.jpg\",\"datePublished\":\"2017-01-01T18:40:35+00:00\",\"dateModified\":\"2017-01-01T18:40:35+00:00\",\"author\":{\"@id\":\"https:\/\/josedemora.com\/#\/schema\/person\/f7753ab9a39a122afeca8e123a8b58ba\"},\"breadcrumb\":{\"@id\":\"https:\/\/josedemora.com\/calzado-masculino-para-la-temporada-de-invierno-2017\/#breadcrumb\"},\"inLanguage\":\"es\",\"potentialAction\":[{\"@type\":\"ReadAction\",\"target\":[\"https:\/\/josedemora.com\/calzado-masculino-para-la-temporada-de-invierno-2017\/\"]}]},{\"@type\":\"ImageObject\",\"inLanguage\":\"es\",\"@id\":\"https:\/\/josedemora.com\/calzado-masculino-para-la-temporada-de-invierno-2017\/#primaryimage\",\"url\":\"https:\/\/josedemora.com\/wp-content\/uploads\/2017\/01\/18.jpg\",\"contentUrl\":\"https:\/\/josedemora.com\/wp-content\/uploads\/2017\/01\/18.jpg\",\"width\":964,\"height\":964},{\"@type\":\"BreadcrumbList\",\"@id\":\"https:\/\/josedemora.com\/calzado-masculino-para-la-temporada-de-invierno-2017\/#breadcrumb\",\"itemListElement\":[{\"@type\":\"ListItem\",\"position\":1,\"name\":\"Portada\",\"item\":\"https:\/\/josedemora.com\/\"},{\"@type\":\"ListItem\",\"position\":2,\"name\":\"Calzado masculino para la temporada de invierno 2017\"}]},{\"@type\":\"WebSite\",\"@id\":\"https:\/\/josedemora.com\/#website\",\"url\":\"https:\/\/josedemora.com\/\",\"name\":\"Jos\u00e9 de Mora\",\"description\":\"\",\"potentialAction\":[{\"@type\":\"SearchAction\",\"target\":{\"@type\":\"EntryPoint\",\"urlTemplate\":\"https:\/\/josedemora.com\/?s={search_term_string}\"},\"query-input\":{\"@type\":\"PropertyValueSpecification\",\"valueRequired\":true,\"valueName\":\"search_term_string\"}}],\"inLanguage\":\"es\"},{\"@type\":\"Person\",\"@id\":\"https:\/\/josedemora.com\/#\/schema\/person\/f7753ab9a39a122afeca8e123a8b58ba\",\"name\":\"Sport y Equitaci\u00f3n Valverde S.L\",\"image\":{\"@type\":\"ImageObject\",\"inLanguage\":\"es\",\"@id\":\"https:\/\/josedemora.com\/#\/schema\/person\/image\/\",\"url\":\"https:\/\/secure.gravatar.com\/avatar\/e28dd3fe8cf6a1ceee8c619df57c36d5?s=96&d=mm&r=g\",\"contentUrl\":\"https:\/\/secure.gravatar.com\/avatar\/e28dd3fe8cf6a1ceee8c619df57c36d5?s=96&d=mm&r=g\",\"caption\":\"Sport y Equitaci\u00f3n Valverde S.L\"},\"url\":\"https:\/\/josedemora.com\/es\/author\/wanda\/\"}]}<\/script>\n<!-- \/ Yoast SEO Premium plugin. -->","yoast_head_json":{"title":"Calzado masculino para la temporada de invierno 2017 - Jos\u00e9 de Mora","robots":{"index":"index","follow":"follow","max-snippet":"max-snippet:-1","max-image-preview":"max-image-preview:large","max-video-preview":"max-video-preview:-1"},"canonical":"https:\/\/josedemora.com\/es\/calzado-masculino-para-la-temporada-de-invierno-2017\/","og_locale":"es_ES","og_type":"article","og_title":"Calzado masculino para la temporada de invierno 2017","og_description":"La moda no solo est\u00e1 en la ropa, hoy en d\u00eda el calzado est\u00e1 sufriendo grandes transformaciones que hacen necesario saber combinarlo de un modo adecuado para obtener el mejor resultado. Los mejores estilistas est\u00e1n de acuerdo en que hay muchas ocasiones en las que un buen zapato viste m\u00e1s que el mejor traje, aunque lo ideal es que ambos vayan acordes. Los cambios no solo se han producido en el calzado, sino que esos cambios son una consecuencia directa del cambio de mentalidad masculina, ya que cada vez m\u00e1s hombres se preocupan por su imagen y prestarle la atenci\u00f3n necesaria al calzado es una de las primeras lecciones que debe aprenderse, para poder elegir uno u otro en el momento adecuado. Si eres uno de esos hombres que le gusta ir a la moda en este art\u00edculo se muestran las nuevas tendencias, en cuanto a calzado se refiere, de los pr\u00f3ximos meses.","og_url":"https:\/\/josedemora.com\/es\/calzado-masculino-para-la-temporada-de-invierno-2017\/","og_site_name":"Jos\u00e9 de Mora","article_published_time":"2017-01-01T18:40:35+00:00","og_image":[{"width":964,"height":964,"url":"https:\/\/josedemora.com\/wp-content\/uploads\/2017\/01\/18.jpg","type":"image\/jpeg"}],"author":"Sport y Equitaci\u00f3n Valverde S.L","twitter_card":"summary_large_image","twitter_misc":{"Escrito por":"Sport y Equitaci\u00f3n Valverde S.L","Tiempo de lectura":"4 minutos"},"schema":{"@context":"https:\/\/schema.org","@graph":[{"@type":"WebPage","@id":"https:\/\/josedemora.com\/calzado-masculino-para-la-temporada-de-invierno-2017\/","url":"https:\/\/josedemora.com\/calzado-masculino-para-la-temporada-de-invierno-2017\/","name":"Calzado masculino para la temporada de invierno 2017 - Jos\u00e9 de Mora","isPartOf":{"@id":"https:\/\/josedemora.com\/#website"},"primaryImageOfPage":{"@id":"https:\/\/josedemora.com\/calzado-masculino-para-la-temporada-de-invierno-2017\/#primaryimage"},"image":{"@id":"https:\/\/josedemora.com\/calzado-masculino-para-la-temporada-de-invierno-2017\/#primaryimage"},"thumbnailUrl":"https:\/\/josedemora.com\/wp-content\/uploads\/2017\/01\/18.jpg","datePublished":"2017-01-01T18:40:35+00:00","dateModified":"2017-01-01T18:40:35+00:00","author":{"@id":"https:\/\/josedemora.com\/#\/schema\/person\/f7753ab9a39a122afeca8e123a8b58ba"},"breadcrumb":{"@id":"https:\/\/josedemora.com\/calzado-masculino-para-la-temporada-de-invierno-2017\/#breadcrumb"},"inLanguage":"es","potentialAction":[{"@type":"ReadAction","target":["https:\/\/josedemora.com\/calzado-masculino-para-la-temporada-de-invierno-2017\/"]}]},{"@type":"ImageObject","inLanguage":"es","@id":"https:\/\/josedemora.com\/calzado-masculino-para-la-temporada-de-invierno-2017\/#primaryimage","url":"https:\/\/josedemora.com\/wp-content\/uploads\/2017\/01\/18.jpg","contentUrl":"https:\/\/josedemora.com\/wp-content\/uploads\/2017\/01\/18.jpg","width":964,"height":964},{"@type":"BreadcrumbList","@id":"https:\/\/josedemora.com\/calzado-masculino-para-la-temporada-de-invierno-2017\/#breadcrumb","itemListElement":[{"@type":"ListItem","position":1,"name":"Portada","item":"https:\/\/josedemora.com\/"},{"@type":"ListItem","position":2,"name":"Calzado masculino para la temporada de invierno 2017"}]},{"@type":"WebSite","@id":"https:\/\/josedemora.com\/#website","url":"https:\/\/josedemora.com\/","name":"Jos\u00e9 de Mora","description":"","potentialAction":[{"@type":"SearchAction","target":{"@type":"EntryPoint","urlTemplate":"https:\/\/josedemora.com\/?s={search_term_string}"},"query-input":{"@type":"PropertyValueSpecification","valueRequired":true,"valueName":"search_term_string"}}],"inLanguage":"es"},{"@type":"Person","@id":"https:\/\/josedemora.com\/#\/schema\/person\/f7753ab9a39a122afeca8e123a8b58ba","name":"Sport y Equitaci\u00f3n Valverde S.L","image":{"@type":"ImageObject","inLanguage":"es","@id":"https:\/\/josedemora.com\/#\/schema\/person\/image\/","url":"https:\/\/secure.gravatar.com\/avatar\/e28dd3fe8cf6a1ceee8c619df57c36d5?s=96&d=mm&r=g","contentUrl":"https:\/\/secure.gravatar.com\/avatar\/e28dd3fe8cf6a1ceee8c619df57c36d5?s=96&d=mm&r=g","caption":"Sport y Equitaci\u00f3n Valverde S.L"},"url":"https:\/\/josedemora.com\/es\/author\/wanda\/"}]}},"_links":{"self":[{"href":"https:\/\/josedemora.com\/es\/wp-json\/wp\/v2\/posts\/719","targetHints":{"allow":["GET"]}}],"collection":[{"href":"https:\/\/josedemora.com\/es\/wp-json\/wp\/v2\/posts"}],"about":[{"href":"https:\/\/josedemora.com\/es\/wp-json\/wp\/v2\/types\/post"}],"author":[{"embeddable":true,"href":"https:\/\/josedemora.com\/es\/wp-json\/wp\/v2\/users\/5"}],"replies":[{"embeddable":true,"href":"https:\/\/josedemora.com\/es\/wp-json\/wp\/v2\/comments?post=719"}],"version-history":[{"count":0,"href":"https:\/\/josedemora.com\/es\/wp-json\/wp\/v2\/posts\/719\/revisions"}],"wp:featuredmedia":[{"embeddable":true,"href":"https:\/\/josedemora.com\/es\/wp-json\/wp\/v2\/media\/718"}],"wp:attachment":[{"href":"https:\/\/josedemora.com\/es\/wp-json\/wp\/v2\/media?parent=719"}],"wp:term":[{"taxonomy":"category","embeddable":true,"href":"https:\/\/josedemora.com\/es\/wp-json\/wp\/v2\/categories?post=719"},{"taxonomy":"post_tag","embeddable":true,"href":"https:\/\/josedemora.com\/es\/wp-json\/wp\/v2\/tags?post=719"}],"curies":[{"name":"wp","href":"https:\/\/api.w.org\/{rel}","templated":true}]}}