{"id":694,"date":"2018-01-10T14:43:15","date_gmt":"2018-01-10T14:43:15","guid":{"rendered":"https:\/\/josedemora.com\/que-dice-tu-calzado-de-ti\/"},"modified":"2018-01-10T14:43:15","modified_gmt":"2018-01-10T14:43:15","slug":"que-dice-tu-calzado-de-ti","status":"publish","type":"post","link":"https:\/\/josedemora.com\/es\/que-dice-tu-calzado-de-ti\/","title":{"rendered":"\u00bfQue dice tu calzado de ti?"},"content":{"rendered":"<p align=\"JUSTIFY\">El calzado es un elemento esencial en la vestimenta de cualquier persona. Adem\u00e1s de ser uno de los elementos m\u00e1s funcionales es tambi\u00e9n uno de los que m\u00e1s dicen de nosotros. La elecci\u00f3n del calzado indica a los dem\u00e1s en cierta medida nuestro estatus social y nuestro grupo social, nuestra forma de afrontar nuestra vida diaria y especialmente las ocasiones en las que se producen eventos sociales y muy especialmente en entornos laborales, sobre todo cuando debemos acudir a reuniones de negocio, etc.<\/p>\n<p align=\"JUSTIFY\">La importancia del calzado podemos remontarla a los tiempos del Antiguo Egipto, donde era un s\u00edmbolo distintivo de civilizaci\u00f3n, en contra posici\u00f3n a los pueblos \u201cb\u00e1rbaros\u201d.<\/p>\n<p align=\"JUSTIFY\">Evidentemente no es el calzado quien no dir\u00e1 quienes somos, ni podemos sacar conclusiones sobre una persona solo por el calzado que utiliza, pero en una sociedad como la nuestra donde la imagen es tan importante, la primera impresi\u00f3n que damos a una persona que acabamos de conocer o a la gente que nos v\u00e9 por primera vez pasa por un cuidado aspecto en el que la vestimenta es fundamental. De estar forma el calzado puede dar a entender a los dem\u00e1s como hemos dicho, nuestra procedencia social, nuestro estatus econ\u00f3mico y rasgos tan importantes de nuestro ser, como son nuestros gustos o nuestra personalidad.<\/p>\n<p align=\"JUSTIFY\">\u00a0<\/p>\n<p align=\"JUSTIFY\">El cuanto al tipo de calzado, podemos elegir entre zapatillas, zapatos, botas, botines, chanclas, etc. , Dentro de los distintos tipos de calzado podremos elegir el tipo de cierre, cordones, botones, belcros&#8230; los colores de los mismos, el tama\u00f1o del propio zapato, el tama\u00f1os del tac\u00f3n, en el caso de las botas el tama\u00f1o de la ca\u00f1a y un largo etc<\/p>\n<p align=\"JUSTIFY\">\u00a0<\/p>\n<p align=\"JUSTIFY\">Seg\u00fan un estudio realizado en Journal of Research in Personality mostr\u00f3 que el 90 por ciento de la personalidad de una persona puede ser percibida a partir de los zapatos elegidos por la misma.<\/p>\n<p align=\"JUSTIFY\">\u00a0<\/p>\n<p align=\"JUSTIFY\">A continuaci\u00f3n podemos ver algunos datos de este estudio:<\/p>\n<p align=\"JUSTIFY\">\u00a0<\/p>\n<p align=\"JUSTIFY\">Utilizar\u00a0<strong>zapatillas de colores<\/strong>: Seg\u00fan el estudio puede dar a entender que la persona que las utiliza son emocionalmente m\u00e1s estables, menos propensos a padecer ansiedad.<\/p>\n<p align=\"JUSTIFY\">\u00a0<\/p>\n<p align=\"JUSTIFY\">Podr\u00eda parecer que la personalidad de una persona que utiliza deportivas de colores debe ser m\u00e1s extrovertidas, pero seg\u00fan el estudio no necesariamente tiene que ser as\u00ed, llevar unos zapatos divertidos no tiene que implicar una personalidad divertidad.<\/p>\n<p align=\"JUSTIFY\">\u00a0<\/p>\n<p align=\"JUSTIFY\">Utilizar\u00a0<strong>zapatos de tipo Converse<\/strong>, puede significar que la persona que los lleva, es altiva, introvertida, agradable, previsor, siempre desde el punto de vista del estudio. Sin embargo para el Hiffington Post , este tipo de calzado ser\u00edan se\u00f1al de llevar un ni\u00f1o en el interior, de ser un poco infantil y no estar seguro de uno mismo.<\/p>\n<p align=\"JUSTIFY\">\u00a0<\/p>\n<p align=\"JUSTIFY\">Llevar\u00a0<strong>calzado a la \u00faltima moda<\/strong>\u00a0es se\u00f1al seg\u00fan el estudio de un alto nivel o poder adquisitov y de personas menos agradables, preocupadas especialmente por la imagen social que proyectan, aunque a la vez son m\u00e1s reflexivas y conservadoras.<\/p>\n<p align=\"JUSTIFY\">\u00a0<\/p>\n<p align=\"JUSTIFY\">Para los investigadores de la Universidad de Kansas, estos estudios est\u00e1n muy estereotipados y en un gran n\u00famero de ocasiones no se cumplen.<\/p>\n<p align=\"JUSTIFY\">\u00a0<\/p>\n<p align=\"JUSTIFY\">Llevar\u00a0<strong>zapatos usados<\/strong>, cuando est\u00e1n bien cuidados, es se\u00f1al de que la persona que los lleva es m\u00e1s extrovertida y emocionalmente estable, suelen ser muy racionales.<\/p>\n<p align=\"JUSTIFY\">\u00a0<\/p>\n<p align=\"JUSTIFY\">Las\u00a0<strong>botas de estilo motocicleta<\/strong>\u00a0, seg\u00fan el estudio son m\u00e1s habituales en personas agresivas, tambi\u00e9n indican ser m\u00e1s reservados e independientes, m\u00e1s rudos, egoc\u00e9ntricos.<\/p>\n<p align=\"JUSTIFY\">\u00a0<\/p>\n<p align=\"JUSTIFY\">\u00a0<\/p>\n<p align=\"JUSTIFY\">El\u00a0<strong>calzado de estilo relajado<\/strong>\u00a0como la utilizaci\u00f3n de chanclas, seg\u00fan el estudio engloba diferentes tipos de personalidad. Puede indicar relaciones problem\u00e1ticas, personas indiferentes, o tener una personalidad explosiva. En general a ninguno de ellos les importa lo que los dem\u00e1s piensen.\u00a0\u00a0<\/p>\n","protected":false},"excerpt":{"rendered":"<p align=\"JUSTIFY\">El calzado es un elemento esencial en la vestimenta de cualquier persona. Adem\u00e1s de ser uno de los elementos m\u00e1s funcionales es tambi\u00e9n uno de los que m\u00e1s dicen de nosotros. La elecci\u00f3n del calzado indica a los dem\u00e1s en cierta medida nuestro estatus social y nuestro grupo social, nuestra forma de afrontar nuestra vida diaria y especialmente las ocasiones en las que se producen eventos sociales y muy especialmente en entornos laborales, sobre todo cuando debemos acudir a reuniones de negocio, etc.<\/p>\n<p align=\"JUSTIFY\">La importancia del calzado podemos remontarla a los tiempos del Antiguo Egipto, donde era un s\u00edmbolo distintivo de civilizaci\u00f3n, en contra posici\u00f3n a los pueblos \u201cb\u00e1rbaros\u201d.<\/p>\n<p align=\"JUSTIFY\">Evidentemente no es el calzado quien no dir\u00e1 quienes somos, ni podemos sacar conclusiones sobre una persona solo por el calzado que utiliza, pero en una sociedad como la nuestra donde la imagen es tan importante, la primera impresi\u00f3n que damos a una persona que acabamos de conocer o a la gente que nos v\u00e9 por primera vez pasa por un cuidado aspecto en el que la vestimenta es fundamental. De estar forma el calzado puede dar a entender a los dem\u00e1s como hemos dicho, nuestra procedencia social, nuestro estatus econ\u00f3mico y rasgos tan importantes de nuestro ser, como son nuestros gustos o nuestra personalidad.<\/p>\n<p align=\"JUSTIFY\">\u00a0<\/p>\n","protected":false},"author":5,"featured_media":693,"comment_status":"open","ping_status":"open","sticky":false,"template":"","format":"standard","meta":{"_acf_changed":false,"site-sidebar-layout":"default","site-content-layout":"","ast-site-content-layout":"","site-content-style":"default","site-sidebar-style":"default","ast-global-header-display":"","ast-banner-title-visibility":"","ast-main-header-display":"","ast-hfb-above-header-display":"","ast-hfb-below-header-display":"","ast-hfb-mobile-header-display":"","site-post-title":"","ast-breadcrumbs-content":"","ast-featured-img":"","footer-sml-layout":"","theme-transparent-header-meta":"","adv-header-id-meta":"","stick-header-meta":"","header-above-stick-meta":"","header-main-stick-meta":"","header-below-stick-meta":"","astra-migrate-meta-layouts":"default","ast-page-background-enabled":"default","ast-page-background-meta":{"desktop":{"background-color":"var(--ast-global-color-5)","background-image":"","background-repeat":"repeat","background-position":"center center","background-size":"auto","background-attachment":"scroll","background-type":"","background-media":"","overlay-type":"","overlay-color":"","overlay-opacity":"","overlay-gradient":""},"tablet":{"background-color":"","background-image":"","background-repeat":"repeat","background-position":"center center","background-size":"auto","background-attachment":"scroll","background-type":"","background-media":"","overlay-type":"","overlay-color":"","overlay-opacity":"","overlay-gradient":""},"mobile":{"background-color":"","background-image":"","background-repeat":"repeat","background-position":"center center","background-size":"auto","background-attachment":"scroll","background-type":"","background-media":"","overlay-type":"","overlay-color":"","overlay-opacity":"","overlay-gradient":""}},"ast-content-background-meta":{"desktop":{"background-color":"var(--ast-global-color-4)","background-image":"","background-repeat":"repeat","background-position":"center center","background-size":"auto","background-attachment":"scroll","background-type":"","background-media":"","overlay-type":"","overlay-color":"","overlay-opacity":"","overlay-gradient":""},"tablet":{"background-color":"var(--ast-global-color-4)","background-image":"","background-repeat":"repeat","background-position":"center center","background-size":"auto","background-attachment":"scroll","background-type":"","background-media":"","overlay-type":"","overlay-color":"","overlay-opacity":"","overlay-gradient":""},"mobile":{"background-color":"var(--ast-global-color-4)","background-image":"","background-repeat":"repeat","background-position":"center center","background-size":"auto","background-attachment":"scroll","background-type":"","background-media":"","overlay-type":"","overlay-color":"","overlay-opacity":"","overlay-gradient":""}},"footnotes":""},"categories":[62],"tags":[],"class_list":["post-694","post","type-post","status-publish","format-standard","has-post-thumbnail","hentry","category-blog-corporativo"],"acf":[],"yoast_head":"<!-- This site is optimized with the Yoast SEO Premium plugin v23.5 (Yoast SEO v24.1) - https:\/\/yoast.com\/wordpress\/plugins\/seo\/ -->\n<title>\u00bfQue dice tu calzado de ti? - Jos\u00e9 de Mora<\/title>\n<meta name=\"robots\" content=\"index, follow, max-snippet:-1, max-image-preview:large, max-video-preview:-1\" \/>\n<link rel=\"canonical\" href=\"https:\/\/josedemora.com\/es\/que-dice-tu-calzado-de-ti\/\" \/>\n<meta property=\"og:locale\" content=\"es_ES\" \/>\n<meta property=\"og:type\" content=\"article\" \/>\n<meta property=\"og:title\" content=\"\u00bfQue dice tu calzado de ti?\" \/>\n<meta property=\"og:description\" content=\"El calzado es un elemento esencial en la vestimenta de cualquier persona. Adem\u00e1s de ser uno de los elementos m\u00e1s funcionales es tambi\u00e9n uno de los que m\u00e1s dicen de nosotros. La elecci\u00f3n del calzado indica a los dem\u00e1s en cierta medida nuestro estatus social y nuestro grupo social, nuestra forma de afrontar nuestra vida diaria y especialmente las ocasiones en las que se producen eventos sociales y muy especialmente en entornos laborales, sobre todo cuando debemos acudir a reuniones de negocio, etc. La importancia del calzado podemos remontarla a los tiempos del Antiguo Egipto, donde era un s\u00edmbolo distintivo de civilizaci\u00f3n, en contra posici\u00f3n a los pueblos \u201cb\u00e1rbaros\u201d. Evidentemente no es el calzado quien no dir\u00e1 quienes somos, ni podemos sacar conclusiones sobre una persona solo por el calzado que utiliza, pero en una sociedad como la nuestra donde la imagen es tan importante, la primera impresi\u00f3n que damos a una persona que acabamos de conocer o a la gente que nos v\u00e9 por primera vez pasa por un cuidado aspecto en el que la vestimenta es fundamental. De estar forma el calzado puede dar a entender a los dem\u00e1s como hemos dicho, nuestra procedencia social, nuestro estatus econ\u00f3mico y rasgos tan importantes de nuestro ser, como son nuestros gustos o nuestra personalidad. \u00a0\" \/>\n<meta property=\"og:url\" content=\"https:\/\/josedemora.com\/es\/que-dice-tu-calzado-de-ti\/\" \/>\n<meta property=\"og:site_name\" content=\"Jos\u00e9 de Mora\" \/>\n<meta property=\"article:published_time\" content=\"2018-01-10T14:43:15+00:00\" \/>\n<meta property=\"og:image\" content=\"https:\/\/josedemora.com\/wp-content\/uploads\/2018\/01\/30.jpg\" \/>\n\t<meta property=\"og:image:width\" content=\"662\" \/>\n\t<meta property=\"og:image:height\" content=\"442\" \/>\n\t<meta property=\"og:image:type\" content=\"image\/jpeg\" \/>\n<meta name=\"author\" content=\"Sport y Equitaci\u00f3n Valverde S.L\" \/>\n<meta name=\"twitter:card\" content=\"summary_large_image\" \/>\n<meta name=\"twitter:label1\" content=\"Escrito por\" \/>\n\t<meta name=\"twitter:data1\" content=\"Sport y Equitaci\u00f3n Valverde S.L\" \/>\n\t<meta name=\"twitter:label2\" content=\"Tiempo de lectura\" \/>\n\t<meta name=\"twitter:data2\" content=\"3 minutos\" \/>\n<script type=\"application\/ld+json\" class=\"yoast-schema-graph\">{\"@context\":\"https:\/\/schema.org\",\"@graph\":[{\"@type\":\"WebPage\",\"@id\":\"https:\/\/josedemora.com\/que-dice-tu-calzado-de-ti\/\",\"url\":\"https:\/\/josedemora.com\/que-dice-tu-calzado-de-ti\/\",\"name\":\"\u00bfQue dice tu calzado de ti? - Jos\u00e9 de Mora\",\"isPartOf\":{\"@id\":\"https:\/\/josedemora.com\/#website\"},\"primaryImageOfPage\":{\"@id\":\"https:\/\/josedemora.com\/que-dice-tu-calzado-de-ti\/#primaryimage\"},\"image\":{\"@id\":\"https:\/\/josedemora.com\/que-dice-tu-calzado-de-ti\/#primaryimage\"},\"thumbnailUrl\":\"https:\/\/josedemora.com\/wp-content\/uploads\/2018\/01\/30.jpg\",\"datePublished\":\"2018-01-10T14:43:15+00:00\",\"dateModified\":\"2018-01-10T14:43:15+00:00\",\"author\":{\"@id\":\"https:\/\/josedemora.com\/#\/schema\/person\/f7753ab9a39a122afeca8e123a8b58ba\"},\"breadcrumb\":{\"@id\":\"https:\/\/josedemora.com\/que-dice-tu-calzado-de-ti\/#breadcrumb\"},\"inLanguage\":\"es\",\"potentialAction\":[{\"@type\":\"ReadAction\",\"target\":[\"https:\/\/josedemora.com\/que-dice-tu-calzado-de-ti\/\"]}]},{\"@type\":\"ImageObject\",\"inLanguage\":\"es\",\"@id\":\"https:\/\/josedemora.com\/que-dice-tu-calzado-de-ti\/#primaryimage\",\"url\":\"https:\/\/josedemora.com\/wp-content\/uploads\/2018\/01\/30.jpg\",\"contentUrl\":\"https:\/\/josedemora.com\/wp-content\/uploads\/2018\/01\/30.jpg\",\"width\":662,\"height\":442},{\"@type\":\"BreadcrumbList\",\"@id\":\"https:\/\/josedemora.com\/que-dice-tu-calzado-de-ti\/#breadcrumb\",\"itemListElement\":[{\"@type\":\"ListItem\",\"position\":1,\"name\":\"Portada\",\"item\":\"https:\/\/josedemora.com\/\"},{\"@type\":\"ListItem\",\"position\":2,\"name\":\"\u00bfQue dice tu calzado de ti?\"}]},{\"@type\":\"WebSite\",\"@id\":\"https:\/\/josedemora.com\/#website\",\"url\":\"https:\/\/josedemora.com\/\",\"name\":\"Jos\u00e9 de Mora\",\"description\":\"\",\"potentialAction\":[{\"@type\":\"SearchAction\",\"target\":{\"@type\":\"EntryPoint\",\"urlTemplate\":\"https:\/\/josedemora.com\/?s={search_term_string}\"},\"query-input\":{\"@type\":\"PropertyValueSpecification\",\"valueRequired\":true,\"valueName\":\"search_term_string\"}}],\"inLanguage\":\"es\"},{\"@type\":\"Person\",\"@id\":\"https:\/\/josedemora.com\/#\/schema\/person\/f7753ab9a39a122afeca8e123a8b58ba\",\"name\":\"Sport y Equitaci\u00f3n Valverde S.L\",\"image\":{\"@type\":\"ImageObject\",\"inLanguage\":\"es\",\"@id\":\"https:\/\/josedemora.com\/#\/schema\/person\/image\/\",\"url\":\"https:\/\/secure.gravatar.com\/avatar\/e28dd3fe8cf6a1ceee8c619df57c36d5?s=96&d=mm&r=g\",\"contentUrl\":\"https:\/\/secure.gravatar.com\/avatar\/e28dd3fe8cf6a1ceee8c619df57c36d5?s=96&d=mm&r=g\",\"caption\":\"Sport y Equitaci\u00f3n Valverde S.L\"},\"url\":\"https:\/\/josedemora.com\/es\/author\/wanda\/\"}]}<\/script>\n<!-- \/ Yoast SEO Premium plugin. -->","yoast_head_json":{"title":"\u00bfQue dice tu calzado de ti? - Jos\u00e9 de Mora","robots":{"index":"index","follow":"follow","max-snippet":"max-snippet:-1","max-image-preview":"max-image-preview:large","max-video-preview":"max-video-preview:-1"},"canonical":"https:\/\/josedemora.com\/es\/que-dice-tu-calzado-de-ti\/","og_locale":"es_ES","og_type":"article","og_title":"\u00bfQue dice tu calzado de ti?","og_description":"El calzado es un elemento esencial en la vestimenta de cualquier persona. Adem\u00e1s de ser uno de los elementos m\u00e1s funcionales es tambi\u00e9n uno de los que m\u00e1s dicen de nosotros. La elecci\u00f3n del calzado indica a los dem\u00e1s en cierta medida nuestro estatus social y nuestro grupo social, nuestra forma de afrontar nuestra vida diaria y especialmente las ocasiones en las que se producen eventos sociales y muy especialmente en entornos laborales, sobre todo cuando debemos acudir a reuniones de negocio, etc. La importancia del calzado podemos remontarla a los tiempos del Antiguo Egipto, donde era un s\u00edmbolo distintivo de civilizaci\u00f3n, en contra posici\u00f3n a los pueblos \u201cb\u00e1rbaros\u201d. Evidentemente no es el calzado quien no dir\u00e1 quienes somos, ni podemos sacar conclusiones sobre una persona solo por el calzado que utiliza, pero en una sociedad como la nuestra donde la imagen es tan importante, la primera impresi\u00f3n que damos a una persona que acabamos de conocer o a la gente que nos v\u00e9 por primera vez pasa por un cuidado aspecto en el que la vestimenta es fundamental. De estar forma el calzado puede dar a entender a los dem\u00e1s como hemos dicho, nuestra procedencia social, nuestro estatus econ\u00f3mico y rasgos tan importantes de nuestro ser, como son nuestros gustos o nuestra personalidad. \u00a0","og_url":"https:\/\/josedemora.com\/es\/que-dice-tu-calzado-de-ti\/","og_site_name":"Jos\u00e9 de Mora","article_published_time":"2018-01-10T14:43:15+00:00","og_image":[{"width":662,"height":442,"url":"https:\/\/josedemora.com\/wp-content\/uploads\/2018\/01\/30.jpg","type":"image\/jpeg"}],"author":"Sport y Equitaci\u00f3n Valverde S.L","twitter_card":"summary_large_image","twitter_misc":{"Escrito por":"Sport y Equitaci\u00f3n Valverde S.L","Tiempo de lectura":"3 minutos"},"schema":{"@context":"https:\/\/schema.org","@graph":[{"@type":"WebPage","@id":"https:\/\/josedemora.com\/que-dice-tu-calzado-de-ti\/","url":"https:\/\/josedemora.com\/que-dice-tu-calzado-de-ti\/","name":"\u00bfQue dice tu calzado de ti? - Jos\u00e9 de Mora","isPartOf":{"@id":"https:\/\/josedemora.com\/#website"},"primaryImageOfPage":{"@id":"https:\/\/josedemora.com\/que-dice-tu-calzado-de-ti\/#primaryimage"},"image":{"@id":"https:\/\/josedemora.com\/que-dice-tu-calzado-de-ti\/#primaryimage"},"thumbnailUrl":"https:\/\/josedemora.com\/wp-content\/uploads\/2018\/01\/30.jpg","datePublished":"2018-01-10T14:43:15+00:00","dateModified":"2018-01-10T14:43:15+00:00","author":{"@id":"https:\/\/josedemora.com\/#\/schema\/person\/f7753ab9a39a122afeca8e123a8b58ba"},"breadcrumb":{"@id":"https:\/\/josedemora.com\/que-dice-tu-calzado-de-ti\/#breadcrumb"},"inLanguage":"es","potentialAction":[{"@type":"ReadAction","target":["https:\/\/josedemora.com\/que-dice-tu-calzado-de-ti\/"]}]},{"@type":"ImageObject","inLanguage":"es","@id":"https:\/\/josedemora.com\/que-dice-tu-calzado-de-ti\/#primaryimage","url":"https:\/\/josedemora.com\/wp-content\/uploads\/2018\/01\/30.jpg","contentUrl":"https:\/\/josedemora.com\/wp-content\/uploads\/2018\/01\/30.jpg","width":662,"height":442},{"@type":"BreadcrumbList","@id":"https:\/\/josedemora.com\/que-dice-tu-calzado-de-ti\/#breadcrumb","itemListElement":[{"@type":"ListItem","position":1,"name":"Portada","item":"https:\/\/josedemora.com\/"},{"@type":"ListItem","position":2,"name":"\u00bfQue dice tu calzado de ti?"}]},{"@type":"WebSite","@id":"https:\/\/josedemora.com\/#website","url":"https:\/\/josedemora.com\/","name":"Jos\u00e9 de Mora","description":"","potentialAction":[{"@type":"SearchAction","target":{"@type":"EntryPoint","urlTemplate":"https:\/\/josedemora.com\/?s={search_term_string}"},"query-input":{"@type":"PropertyValueSpecification","valueRequired":true,"valueName":"search_term_string"}}],"inLanguage":"es"},{"@type":"Person","@id":"https:\/\/josedemora.com\/#\/schema\/person\/f7753ab9a39a122afeca8e123a8b58ba","name":"Sport y Equitaci\u00f3n Valverde S.L","image":{"@type":"ImageObject","inLanguage":"es","@id":"https:\/\/josedemora.com\/#\/schema\/person\/image\/","url":"https:\/\/secure.gravatar.com\/avatar\/e28dd3fe8cf6a1ceee8c619df57c36d5?s=96&d=mm&r=g","contentUrl":"https:\/\/secure.gravatar.com\/avatar\/e28dd3fe8cf6a1ceee8c619df57c36d5?s=96&d=mm&r=g","caption":"Sport y Equitaci\u00f3n Valverde S.L"},"url":"https:\/\/josedemora.com\/es\/author\/wanda\/"}]}},"_links":{"self":[{"href":"https:\/\/josedemora.com\/es\/wp-json\/wp\/v2\/posts\/694","targetHints":{"allow":["GET"]}}],"collection":[{"href":"https:\/\/josedemora.com\/es\/wp-json\/wp\/v2\/posts"}],"about":[{"href":"https:\/\/josedemora.com\/es\/wp-json\/wp\/v2\/types\/post"}],"author":[{"embeddable":true,"href":"https:\/\/josedemora.com\/es\/wp-json\/wp\/v2\/users\/5"}],"replies":[{"embeddable":true,"href":"https:\/\/josedemora.com\/es\/wp-json\/wp\/v2\/comments?post=694"}],"version-history":[{"count":0,"href":"https:\/\/josedemora.com\/es\/wp-json\/wp\/v2\/posts\/694\/revisions"}],"wp:featuredmedia":[{"embeddable":true,"href":"https:\/\/josedemora.com\/es\/wp-json\/wp\/v2\/media\/693"}],"wp:attachment":[{"href":"https:\/\/josedemora.com\/es\/wp-json\/wp\/v2\/media?parent=694"}],"wp:term":[{"taxonomy":"category","embeddable":true,"href":"https:\/\/josedemora.com\/es\/wp-json\/wp\/v2\/categories?post=694"},{"taxonomy":"post_tag","embeddable":true,"href":"https:\/\/josedemora.com\/es\/wp-json\/wp\/v2\/tags?post=694"}],"curies":[{"name":"wp","href":"https:\/\/api.w.org\/{rel}","templated":true}]}}