{"id":725,"date":"2016-11-12T18:45:39","date_gmt":"2016-11-12T18:45:39","guid":{"rendered":"https:\/\/josedemora.com\/calzado-para-la-temporada-de-otono-invierno-2016\/"},"modified":"2016-11-12T18:45:39","modified_gmt":"2016-11-12T18:45:39","slug":"calzado-para-la-temporada-de-otono-invierno-2016","status":"publish","type":"post","link":"https:\/\/josedemora.com\/en\/footwear-for-the-autumn-winter-2016-season\/","title":{"rendered":"Footwear for the fall-winter 2016 season"},"content":{"rendered":"<p><img fetchpriority=\"high\" decoding=\"async\" class=\"size-full wp-image-724\" src=\"https:\/\/josedemora.com\/wp-content\/uploads\/2016\/11\/15.jpg\" alt=\"\" width=\"830\" height=\"500\" srcset=\"https:\/\/josedemora.com\/wp-content\/uploads\/2016\/11\/15.jpg 830w, https:\/\/josedemora.com\/wp-content\/uploads\/2016\/11\/15-300x181.jpg 300w, https:\/\/josedemora.com\/wp-content\/uploads\/2016\/11\/15-768x463.jpg 768w, https:\/\/josedemora.com\/wp-content\/uploads\/2016\/11\/15-600x361.jpg 600w, https:\/\/josedemora.com\/wp-content\/uploads\/2016\/11\/15-170x102.jpg 170w\" sizes=\"(max-width: 830px) 100vw, 830px\" \/><\/p>\n<p>As we are already in the middle of autumn, it is time to talk about the new trends that are being worn in terms of footwear. The first thing that many people ask themselves is whether last season&#039;s shoes will be useful to be fashionable or at least look fashionable this season. The truth is that it will depend on ourselves which choice we make, on how &quot;up to date&quot; we want to be, but this season it will be easier than other years to reuse outfits since we will continue with the line from last season.<\/p>\n<p>In any case, if you have a few extra euros, you will surely want to renew your wardrobe, the offer that we can already find in the stores is very wide, in\u00a0<a href=\"https:\/\/josedemora.com\/en\/\">new.josedemora.com<\/a>\u00a0We have already got our act together and have put our first new season handmade shoes on sale on our website.<\/p>\n<p>\u00a0<\/p>\n<p>As in almost every autumn and winter, boots will be the main item, although they will not be the only type of footwear available. Ankle boots, moccasins for both men and women, bowler hats and ballet flats will also be worn this season. And since imagination has no limits, the footwear industry is innovating every year and bringing us completely new designs such as ankle boots with ruffles.<\/p>\n<p>\u00a0<\/p>\n<p>Lace-up ankle boots for men made from quality leather will also be in fashion this season. This type of ankle boots give us an added incentive to achieve a vintage style.<\/p>\n<p>\u00a0<\/p>\n<p>Just like last year, we will once again find boots up to the knees and even higher. Military boots are also back this year for those who want a more urban style. And for those who want to wear ankle boots with a more modern look, we can already find more \u201csporty\u201d models in stores.<\/p>\n<p>\u00a0<\/p>\n<p>The footwear will use a wide range of materials in its manufacture, although the models handcrafted from quality leather will continue to provide the best results in terms of durability and resistance.<\/p>\n<p>\u00a0<\/p>\n<p>Men&#039;s loafers will also be in fashion, ideal for achieving a more elegant look, they combine perfectly with &quot;chino&quot; type pants. At Josedemora.com you can find some models from this new season.<\/p>\n<p>Image taken from: bezzia.com<\/p>","protected":false},"excerpt":{"rendered":"<p><img fetchpriority=\"high\" decoding=\"async\" class=\"size-full wp-image-724\" src=\"https:\/\/josedemora.com\/wp-content\/uploads\/2016\/11\/15.jpg\" alt=\"\" width=\"830\" height=\"500\" srcset=\"https:\/\/josedemora.com\/wp-content\/uploads\/2016\/11\/15.jpg 830w, https:\/\/josedemora.com\/wp-content\/uploads\/2016\/11\/15-300x181.jpg 300w, https:\/\/josedemora.com\/wp-content\/uploads\/2016\/11\/15-768x463.jpg 768w, https:\/\/josedemora.com\/wp-content\/uploads\/2016\/11\/15-600x361.jpg 600w, https:\/\/josedemora.com\/wp-content\/uploads\/2016\/11\/15-170x102.jpg 170w\" sizes=\"(max-width: 830px) 100vw, 830px\" \/><\/p>\n<p>As we are already in the middle of autumn, it is time to talk about the new trends that are being worn in terms of footwear. The first thing that many people ask themselves is whether last season&#039;s shoes will be useful to be fashionable or at least look fashionable this season. The truth is that it will depend on ourselves which choice we make, on how &quot;up to date&quot; we want to be, but this season it will be easier than other years to reuse outfits since we will continue with the line from last season.<\/p>","protected":false},"author":5,"featured_media":724,"comment_status":"open","ping_status":"open","sticky":false,"template":"","format":"standard","meta":{"_acf_changed":false,"site-sidebar-layout":"default","site-content-layout":"","ast-site-content-layout":"","site-content-style":"default","site-sidebar-style":"default","ast-global-header-display":"","ast-banner-title-visibility":"","ast-main-header-display":"","ast-hfb-above-header-display":"","ast-hfb-below-header-display":"","ast-hfb-mobile-header-display":"","site-post-title":"","ast-breadcrumbs-content":"","ast-featured-img":"","footer-sml-layout":"","theme-transparent-header-meta":"","adv-header-id-meta":"","stick-header-meta":"","header-above-stick-meta":"","header-main-stick-meta":"","header-below-stick-meta":"","astra-migrate-meta-layouts":"default","ast-page-background-enabled":"default","ast-page-background-meta":{"desktop":{"background-color":"var(--ast-global-color-5)","background-image":"","background-repeat":"repeat","background-position":"center center","background-size":"auto","background-attachment":"scroll","background-type":"","background-media":"","overlay-type":"","overlay-color":"","overlay-opacity":"","overlay-gradient":""},"tablet":{"background-color":"","background-image":"","background-repeat":"repeat","background-position":"center center","background-size":"auto","background-attachment":"scroll","background-type":"","background-media":"","overlay-type":"","overlay-color":"","overlay-opacity":"","overlay-gradient":""},"mobile":{"background-color":"","background-image":"","background-repeat":"repeat","background-position":"center center","background-size":"auto","background-attachment":"scroll","background-type":"","background-media":"","overlay-type":"","overlay-color":"","overlay-opacity":"","overlay-gradient":""}},"ast-content-background-meta":{"desktop":{"background-color":"var(--ast-global-color-4)","background-image":"","background-repeat":"repeat","background-position":"center center","background-size":"auto","background-attachment":"scroll","background-type":"","background-media":"","overlay-type":"","overlay-color":"","overlay-opacity":"","overlay-gradient":""},"tablet":{"background-color":"var(--ast-global-color-4)","background-image":"","background-repeat":"repeat","background-position":"center center","background-size":"auto","background-attachment":"scroll","background-type":"","background-media":"","overlay-type":"","overlay-color":"","overlay-opacity":"","overlay-gradient":""},"mobile":{"background-color":"var(--ast-global-color-4)","background-image":"","background-repeat":"repeat","background-position":"center center","background-size":"auto","background-attachment":"scroll","background-type":"","background-media":"","overlay-type":"","overlay-color":"","overlay-opacity":"","overlay-gradient":""}},"footnotes":""},"categories":[62],"tags":[],"class_list":["post-725","post","type-post","status-publish","format-standard","has-post-thumbnail","hentry","category-blog-corporativo"],"acf":[],"yoast_head":"<!-- This site is optimized with the Yoast SEO Premium plugin v23.5 (Yoast SEO v24.1) - https:\/\/yoast.com\/wordpress\/plugins\/seo\/ -->\n<title>Calzado para la temporada de oto\u00f1o \u2013 invierno 2016 - Jos\u00e9 de Mora<\/title>\n<meta name=\"robots\" content=\"index, follow, max-snippet:-1, max-image-preview:large, max-video-preview:-1\" \/>\n<link rel=\"canonical\" href=\"https:\/\/josedemora.com\/en\/footwear-for-the-autumn-winter-2016-season\/\" \/>\n<meta property=\"og:locale\" content=\"en_GB\" \/>\n<meta property=\"og:type\" content=\"article\" \/>\n<meta property=\"og:title\" content=\"Calzado para la temporada de oto\u00f1o \u2013 invierno 2016\" \/>\n<meta property=\"og:description\" content=\"Encontr\u00e1ndonos ya en pleno oto\u00f1o es el momento de hablaros de las nuevas tendencias que se estan llevando en lo referente al calzado. Lo primero que se preguntan muchas y muchos es si me servir\u00e1n los zapatos de la temporada pasada para ir a la moda o al menos parecerlo en esta temporada. Lo cierto es que depender\u00e1 de nosotros mismos la elecci\u00f3n, de lo \u201ca la \u00faltima\u201d que queramos estar pero esta temporada lo tendremos m\u00e1s f\u00e1cil que otros a\u00f1os para reutilizar modelitos ya que se dar\u00e1 continuidad a la linea de la temporada anterior.\" \/>\n<meta property=\"og:url\" content=\"https:\/\/josedemora.com\/en\/footwear-for-the-autumn-winter-2016-season\/\" \/>\n<meta property=\"og:site_name\" content=\"Jos\u00e9 de Mora\" \/>\n<meta property=\"article:published_time\" content=\"2016-11-12T18:45:39+00:00\" \/>\n<meta property=\"og:image\" content=\"https:\/\/josedemora.com\/wp-content\/uploads\/2016\/11\/15.jpg\" \/>\n\t<meta property=\"og:image:width\" content=\"830\" \/>\n\t<meta property=\"og:image:height\" content=\"500\" \/>\n\t<meta property=\"og:image:type\" content=\"image\/jpeg\" \/>\n<meta name=\"author\" content=\"Sport y Equitaci\u00f3n Valverde S.L\" \/>\n<meta name=\"twitter:card\" content=\"summary_large_image\" \/>\n<meta name=\"twitter:label1\" content=\"Written by\" \/>\n\t<meta name=\"twitter:data1\" content=\"Sport y Equitaci\u00f3n Valverde S.L\" \/>\n\t<meta name=\"twitter:label2\" content=\"Estimated reading time\" \/>\n\t<meta name=\"twitter:data2\" content=\"2 minutes\" \/>\n<script type=\"application\/ld+json\" class=\"yoast-schema-graph\">{\"@context\":\"https:\/\/schema.org\",\"@graph\":[{\"@type\":\"WebPage\",\"@id\":\"https:\/\/josedemora.com\/calzado-para-la-temporada-de-otono-invierno-2016\/\",\"url\":\"https:\/\/josedemora.com\/calzado-para-la-temporada-de-otono-invierno-2016\/\",\"name\":\"Calzado para la temporada de oto\u00f1o \u2013 invierno 2016 - Jos\u00e9 de Mora\",\"isPartOf\":{\"@id\":\"https:\/\/josedemora.com\/#website\"},\"primaryImageOfPage\":{\"@id\":\"https:\/\/josedemora.com\/calzado-para-la-temporada-de-otono-invierno-2016\/#primaryimage\"},\"image\":{\"@id\":\"https:\/\/josedemora.com\/calzado-para-la-temporada-de-otono-invierno-2016\/#primaryimage\"},\"thumbnailUrl\":\"https:\/\/josedemora.com\/wp-content\/uploads\/2016\/11\/15.jpg\",\"datePublished\":\"2016-11-12T18:45:39+00:00\",\"dateModified\":\"2016-11-12T18:45:39+00:00\",\"author\":{\"@id\":\"https:\/\/josedemora.com\/#\/schema\/person\/f7753ab9a39a122afeca8e123a8b58ba\"},\"breadcrumb\":{\"@id\":\"https:\/\/josedemora.com\/calzado-para-la-temporada-de-otono-invierno-2016\/#breadcrumb\"},\"inLanguage\":\"en-GB\",\"potentialAction\":[{\"@type\":\"ReadAction\",\"target\":[\"https:\/\/josedemora.com\/calzado-para-la-temporada-de-otono-invierno-2016\/\"]}]},{\"@type\":\"ImageObject\",\"inLanguage\":\"en-GB\",\"@id\":\"https:\/\/josedemora.com\/calzado-para-la-temporada-de-otono-invierno-2016\/#primaryimage\",\"url\":\"https:\/\/josedemora.com\/wp-content\/uploads\/2016\/11\/15.jpg\",\"contentUrl\":\"https:\/\/josedemora.com\/wp-content\/uploads\/2016\/11\/15.jpg\",\"width\":830,\"height\":500},{\"@type\":\"BreadcrumbList\",\"@id\":\"https:\/\/josedemora.com\/calzado-para-la-temporada-de-otono-invierno-2016\/#breadcrumb\",\"itemListElement\":[{\"@type\":\"ListItem\",\"position\":1,\"name\":\"Portada\",\"item\":\"https:\/\/josedemora.com\/\"},{\"@type\":\"ListItem\",\"position\":2,\"name\":\"Calzado para la temporada de oto\u00f1o \u2013 invierno 2016\"}]},{\"@type\":\"WebSite\",\"@id\":\"https:\/\/josedemora.com\/#website\",\"url\":\"https:\/\/josedemora.com\/\",\"name\":\"Jos\u00e9 de Mora\",\"description\":\"\",\"potentialAction\":[{\"@type\":\"SearchAction\",\"target\":{\"@type\":\"EntryPoint\",\"urlTemplate\":\"https:\/\/josedemora.com\/?s={search_term_string}\"},\"query-input\":{\"@type\":\"PropertyValueSpecification\",\"valueRequired\":true,\"valueName\":\"search_term_string\"}}],\"inLanguage\":\"en-GB\"},{\"@type\":\"Person\",\"@id\":\"https:\/\/josedemora.com\/#\/schema\/person\/f7753ab9a39a122afeca8e123a8b58ba\",\"name\":\"Sport y Equitaci\u00f3n Valverde S.L\",\"image\":{\"@type\":\"ImageObject\",\"inLanguage\":\"en-GB\",\"@id\":\"https:\/\/josedemora.com\/#\/schema\/person\/image\/\",\"url\":\"https:\/\/secure.gravatar.com\/avatar\/e28dd3fe8cf6a1ceee8c619df57c36d5?s=96&d=mm&r=g\",\"contentUrl\":\"https:\/\/secure.gravatar.com\/avatar\/e28dd3fe8cf6a1ceee8c619df57c36d5?s=96&d=mm&r=g\",\"caption\":\"Sport y Equitaci\u00f3n Valverde S.L\"},\"url\":\"https:\/\/josedemora.com\/en\/author\/wanda\/\"}]}<\/script>\n<!-- \/ Yoast SEO Premium plugin. -->","yoast_head_json":{"title":"Calzado para la temporada de oto\u00f1o \u2013 invierno 2016 - Jos\u00e9 de Mora","robots":{"index":"index","follow":"follow","max-snippet":"max-snippet:-1","max-image-preview":"max-image-preview:large","max-video-preview":"max-video-preview:-1"},"canonical":"https:\/\/josedemora.com\/en\/footwear-for-the-autumn-winter-2016-season\/","og_locale":"en_GB","og_type":"article","og_title":"Calzado para la temporada de oto\u00f1o \u2013 invierno 2016","og_description":"Encontr\u00e1ndonos ya en pleno oto\u00f1o es el momento de hablaros de las nuevas tendencias que se estan llevando en lo referente al calzado. Lo primero que se preguntan muchas y muchos es si me servir\u00e1n los zapatos de la temporada pasada para ir a la moda o al menos parecerlo en esta temporada. Lo cierto es que depender\u00e1 de nosotros mismos la elecci\u00f3n, de lo \u201ca la \u00faltima\u201d que queramos estar pero esta temporada lo tendremos m\u00e1s f\u00e1cil que otros a\u00f1os para reutilizar modelitos ya que se dar\u00e1 continuidad a la linea de la temporada anterior.","og_url":"https:\/\/josedemora.com\/en\/footwear-for-the-autumn-winter-2016-season\/","og_site_name":"Jos\u00e9 de Mora","article_published_time":"2016-11-12T18:45:39+00:00","og_image":[{"width":830,"height":500,"url":"https:\/\/josedemora.com\/wp-content\/uploads\/2016\/11\/15.jpg","type":"image\/jpeg"}],"author":"Sport y Equitaci\u00f3n Valverde S.L","twitter_card":"summary_large_image","twitter_misc":{"Written by":"Sport y Equitaci\u00f3n Valverde S.L","Estimated reading time":"2 minutes"},"schema":{"@context":"https:\/\/schema.org","@graph":[{"@type":"WebPage","@id":"https:\/\/josedemora.com\/calzado-para-la-temporada-de-otono-invierno-2016\/","url":"https:\/\/josedemora.com\/calzado-para-la-temporada-de-otono-invierno-2016\/","name":"Calzado para la temporada de oto\u00f1o \u2013 invierno 2016 - Jos\u00e9 de Mora","isPartOf":{"@id":"https:\/\/josedemora.com\/#website"},"primaryImageOfPage":{"@id":"https:\/\/josedemora.com\/calzado-para-la-temporada-de-otono-invierno-2016\/#primaryimage"},"image":{"@id":"https:\/\/josedemora.com\/calzado-para-la-temporada-de-otono-invierno-2016\/#primaryimage"},"thumbnailUrl":"https:\/\/josedemora.com\/wp-content\/uploads\/2016\/11\/15.jpg","datePublished":"2016-11-12T18:45:39+00:00","dateModified":"2016-11-12T18:45:39+00:00","author":{"@id":"https:\/\/josedemora.com\/#\/schema\/person\/f7753ab9a39a122afeca8e123a8b58ba"},"breadcrumb":{"@id":"https:\/\/josedemora.com\/calzado-para-la-temporada-de-otono-invierno-2016\/#breadcrumb"},"inLanguage":"en-GB","potentialAction":[{"@type":"ReadAction","target":["https:\/\/josedemora.com\/calzado-para-la-temporada-de-otono-invierno-2016\/"]}]},{"@type":"ImageObject","inLanguage":"en-GB","@id":"https:\/\/josedemora.com\/calzado-para-la-temporada-de-otono-invierno-2016\/#primaryimage","url":"https:\/\/josedemora.com\/wp-content\/uploads\/2016\/11\/15.jpg","contentUrl":"https:\/\/josedemora.com\/wp-content\/uploads\/2016\/11\/15.jpg","width":830,"height":500},{"@type":"BreadcrumbList","@id":"https:\/\/josedemora.com\/calzado-para-la-temporada-de-otono-invierno-2016\/#breadcrumb","itemListElement":[{"@type":"ListItem","position":1,"name":"Portada","item":"https:\/\/josedemora.com\/"},{"@type":"ListItem","position":2,"name":"Calzado para la temporada de oto\u00f1o \u2013 invierno 2016"}]},{"@type":"WebSite","@id":"https:\/\/josedemora.com\/#website","url":"https:\/\/josedemora.com\/","name":"Jos\u00e9 de Mora","description":"","potentialAction":[{"@type":"SearchAction","target":{"@type":"EntryPoint","urlTemplate":"https:\/\/josedemora.com\/?s={search_term_string}"},"query-input":{"@type":"PropertyValueSpecification","valueRequired":true,"valueName":"search_term_string"}}],"inLanguage":"en-GB"},{"@type":"Person","@id":"https:\/\/josedemora.com\/#\/schema\/person\/f7753ab9a39a122afeca8e123a8b58ba","name":"Sport y Equitaci\u00f3n Valverde S.L","image":{"@type":"ImageObject","inLanguage":"en-GB","@id":"https:\/\/josedemora.com\/#\/schema\/person\/image\/","url":"https:\/\/secure.gravatar.com\/avatar\/e28dd3fe8cf6a1ceee8c619df57c36d5?s=96&d=mm&r=g","contentUrl":"https:\/\/secure.gravatar.com\/avatar\/e28dd3fe8cf6a1ceee8c619df57c36d5?s=96&d=mm&r=g","caption":"Sport y Equitaci\u00f3n Valverde S.L"},"url":"https:\/\/josedemora.com\/en\/author\/wanda\/"}]}},"_links":{"self":[{"href":"https:\/\/josedemora.com\/en\/wp-json\/wp\/v2\/posts\/725","targetHints":{"allow":["GET"]}}],"collection":[{"href":"https:\/\/josedemora.com\/en\/wp-json\/wp\/v2\/posts"}],"about":[{"href":"https:\/\/josedemora.com\/en\/wp-json\/wp\/v2\/types\/post"}],"author":[{"embeddable":true,"href":"https:\/\/josedemora.com\/en\/wp-json\/wp\/v2\/users\/5"}],"replies":[{"embeddable":true,"href":"https:\/\/josedemora.com\/en\/wp-json\/wp\/v2\/comments?post=725"}],"version-history":[{"count":0,"href":"https:\/\/josedemora.com\/en\/wp-json\/wp\/v2\/posts\/725\/revisions"}],"wp:featuredmedia":[{"embeddable":true,"href":"https:\/\/josedemora.com\/en\/wp-json\/wp\/v2\/media\/724"}],"wp:attachment":[{"href":"https:\/\/josedemora.com\/en\/wp-json\/wp\/v2\/media?parent=725"}],"wp:term":[{"taxonomy":"category","embeddable":true,"href":"https:\/\/josedemora.com\/en\/wp-json\/wp\/v2\/categories?post=725"},{"taxonomy":"post_tag","embeddable":true,"href":"https:\/\/josedemora.com\/en\/wp-json\/wp\/v2\/tags?post=725"}],"curies":[{"name":"wp","href":"https:\/\/api.w.org\/{rel}","templated":true}]}}