{"id":688,"date":"2018-05-10T23:00:31","date_gmt":"2018-05-10T23:00:31","guid":{"rendered":"https:\/\/josedemora.com\/jesus-calleja-elige-jose-de-mora-para-su-aventura-con-bertin-osborne-en-planeta-calleja\/"},"modified":"2018-05-10T23:00:31","modified_gmt":"2018-05-10T23:00:31","slug":"jesus-calleja-elige-jose-de-mora-para-su-aventura-con-bertin-osborne-en-planeta-calleja","status":"publish","type":"post","link":"https:\/\/josedemora.com\/en\/jesus-calleja-chooses-jose-de-mora-for-his-adventure-with-bertin-osborne-in-planet-calleja\/","title":{"rendered":"Jes\u00fas Calleja chooses Jos\u00e9 de Mora for his adventure with Bertin Osborne in Planeta Calleja"},"content":{"rendered":"<p><img fetchpriority=\"high\" decoding=\"async\" class=\"size-full wp-image-686\" src=\"https:\/\/josedemora.com\/wp-content\/uploads\/2018\/05\/33-single-default.jpg\" alt=\"\" width=\"840\" height=\"420\" srcset=\"https:\/\/josedemora.com\/wp-content\/uploads\/2018\/05\/33-single-default.jpg 840w, https:\/\/josedemora.com\/wp-content\/uploads\/2018\/05\/33-single-default-300x150.jpg 300w, https:\/\/josedemora.com\/wp-content\/uploads\/2018\/05\/33-single-default-768x384.jpg 768w, https:\/\/josedemora.com\/wp-content\/uploads\/2018\/05\/33-single-default-600x300.jpg 600w, https:\/\/josedemora.com\/wp-content\/uploads\/2018\/05\/33-single-default-170x85.jpg 170w\" sizes=\"(max-width: 840px) 100vw, 840px\" \/><\/p>\n<p>The boots chosen for the horse ride by Jes\u00fas Calleja, to do his program with the special guest Bert\u00edn Osborne, have been those of our company <strong>Sport and Horse Riding SL<\/strong>This has been possible thanks to the quality of our products and the recognition of our brands within the artisanal footwear sector of Valverde del Camino. From our company we would like to thank you for your trust in us, as we work to achieve the highest quality and the most careful design, combining fashion and tradition, and above all seeking maximum comfort and support for the foot, two essential qualities for a riding boot.<\/p>\n<p>Bert\u00edn, the singer and presenter, is not exactly known for his love of mountaineering, although he is known for his passion for horses. Even so, he has taken on the challenge that Jes\u00fas Calleja proposed to him on March 18: Living an adventure in the magnificent landscapes of the Picos de Europa.<\/p>\n<p>The adventure consisted of several parts. The first was kayaking through the Hoces del R\u00edo Durat\u00f3n, in Segovia, where, despite being the first time he had done it and taking a dip, he enjoyed it. However, the third part was not as fun, as he could not overcome his fear and his vertigo, which forced him to abandon the climb of a vertical wall. But as he likes to see the positive side of things, he decided to watch the climb from below while enjoying a good wine.\u00a0<\/p>\n<p>The boots chosen for the horse ride by Jes\u00fas Calleja, to do his program with the special guest Bert\u00edn Osborne, have been those of our company\u00a0<strong>Sport and Horse Riding SL<\/strong>This has been possible thanks to the quality of our products and the recognition of our brands within the artisanal footwear sector of Valverde del Camino. From our company we would like to thank you for your trust in us, as we work to achieve the highest quality and the most careful design, combining fashion and tradition, and above all seeking maximum comfort and support for the foot, two essential qualities for a riding boot.<\/p>\n<p>Bert\u00edn, the singer and presenter, is not exactly known for his love of mountaineering, although he is known for his passion for horses. Even so, he has taken on the challenge that Jes\u00fas Calleja proposed to him on March 18: Living an adventure in the magnificent landscapes of the Picos de Europa.<\/p>\n<p>The adventure consisted of several parts. The first was kayaking through the Hoces del R\u00edo Durat\u00f3n, in Segovia, where, despite being the first time he had done it and taking a dip, he enjoyed it. However, the third part was not as fun, as he could not overcome his fear and his vertigo, which forced him to abandon the climb of a vertical wall. But as he likes to see the positive side of things, he decided to watch the climb from below while enjoying a good wine.\u00a0<\/p>\n<p>Without a doubt, it was the second part that the presenter enjoyed the most, a horseback ride through the Mampodre Massif to end up in Mara\u00f1a, a wonderful town in Le\u00f3n, which allowed them to learn about its extraordinary customs. It is so evident that this is its strong point that he decided to take his own horses to do the route.<\/p>\n<p>Bert\u00edn&#039;s passion for horses is something innate, since he was very young, horse riding has been a central part of his life, so we are not surprised by statements like <strong><em>\u00abOn my scale of preferences, the horse is first\u00bb<\/em><\/strong><strong>.\u00a0 <\/strong>This mastery of the horse could be clearly observed in the program, and our presenter has managed to teach people as diverse as Mario Vaquerizo how to ride a horse, as can be seen in his program \u201cEn tu casa o en la m\u00eda\u201d or Shakira without knowing it was her.<\/p>\n<p>He himself is the successor of the Yeguada Conde del Donadio and has a range of horse care products with his name. He also has a lot of respect for the horse because he considers it a very intelligent animal, and in his way of riding he has as a maxim that <em>&quot;You can do whatever you want with a horse without hitting it.&quot;<\/em><\/p>\n<p>These have been the boots chosen by Jesus to do his program:<\/p>\n<p><img decoding=\"async\" class=\"size-full wp-image-687\" src=\"https:\/\/josedemora.com\/wp-content\/uploads\/2018\/05\/WhatsApp-Image-2018-04-19-at-23-40-07.jpeg\" alt=\"\" width=\"450\" height=\"253\" srcset=\"https:\/\/josedemora.com\/wp-content\/uploads\/2018\/05\/WhatsApp-Image-2018-04-19-at-23-40-07.jpeg 1600w, https:\/\/josedemora.com\/wp-content\/uploads\/2018\/05\/WhatsApp-Image-2018-04-19-at-23-40-07-300x169.jpeg 300w, https:\/\/josedemora.com\/wp-content\/uploads\/2018\/05\/WhatsApp-Image-2018-04-19-at-23-40-07-1024x576.jpeg 1024w, https:\/\/josedemora.com\/wp-content\/uploads\/2018\/05\/WhatsApp-Image-2018-04-19-at-23-40-07-768x432.jpeg 768w, https:\/\/josedemora.com\/wp-content\/uploads\/2018\/05\/WhatsApp-Image-2018-04-19-at-23-40-07-1536x864.jpeg 1536w, https:\/\/josedemora.com\/wp-content\/uploads\/2018\/05\/WhatsApp-Image-2018-04-19-at-23-40-07-600x338.jpeg 600w, https:\/\/josedemora.com\/wp-content\/uploads\/2018\/05\/WhatsApp-Image-2018-04-19-at-23-40-07-170x96.jpeg 170w\" sizes=\"(max-width: 450px) 100vw, 450px\" \/><\/p>","protected":false},"excerpt":{"rendered":"<p><img fetchpriority=\"high\" decoding=\"async\" class=\"size-full wp-image-686\" src=\"https:\/\/josedemora.com\/wp-content\/uploads\/2018\/05\/33-single-default.jpg\" alt=\"\" width=\"840\" height=\"420\" srcset=\"https:\/\/josedemora.com\/wp-content\/uploads\/2018\/05\/33-single-default.jpg 840w, https:\/\/josedemora.com\/wp-content\/uploads\/2018\/05\/33-single-default-300x150.jpg 300w, https:\/\/josedemora.com\/wp-content\/uploads\/2018\/05\/33-single-default-768x384.jpg 768w, https:\/\/josedemora.com\/wp-content\/uploads\/2018\/05\/33-single-default-600x300.jpg 600w, https:\/\/josedemora.com\/wp-content\/uploads\/2018\/05\/33-single-default-170x85.jpg 170w\" sizes=\"(max-width: 840px) 100vw, 840px\" \/><\/p>\n<p>The boots chosen for the horse ride by Jes\u00fas Calleja, to do his program with the special guest Bert\u00edn Osborne, have been those of our company <strong>Sport and Horse Riding SL<\/strong>This has been possible thanks to the quality of our products and the recognition of our brands within the artisanal footwear sector of Valverde del Camino. From our company we would like to thank you for your trust in us, as we work to achieve the highest quality and the most careful design, combining fashion and tradition, and above all seeking maximum comfort and support for the foot, two essential qualities for a riding boot.<\/p>\n<p>Bert\u00edn, the singer and presenter, is not exactly known for his love of mountaineering, although he is known for his passion for horses. Even so, he has taken on the challenge that Jes\u00fas Calleja proposed to him on March 18: Living an adventure in the magnificent landscapes of the Picos de Europa.<\/p>\n<p>The adventure consisted of several parts. The first was kayaking through the Hoces del R\u00edo Durat\u00f3n, in Segovia, where, despite being the first time he had done it and taking a dip, he enjoyed it. However, the third part was not as fun, as he could not overcome his fear and his vertigo, which forced him to abandon the climb of a vertical wall. But as he likes to see the positive side of things, he decided to watch the climb from below while enjoying a good wine.\u00a0<\/p>","protected":false},"author":5,"featured_media":686,"comment_status":"open","ping_status":"open","sticky":false,"template":"","format":"standard","meta":{"_acf_changed":false,"site-sidebar-layout":"default","site-content-layout":"","ast-site-content-layout":"","site-content-style":"default","site-sidebar-style":"default","ast-global-header-display":"","ast-banner-title-visibility":"","ast-main-header-display":"","ast-hfb-above-header-display":"","ast-hfb-below-header-display":"","ast-hfb-mobile-header-display":"","site-post-title":"","ast-breadcrumbs-content":"","ast-featured-img":"","footer-sml-layout":"","theme-transparent-header-meta":"","adv-header-id-meta":"","stick-header-meta":"","header-above-stick-meta":"","header-main-stick-meta":"","header-below-stick-meta":"","astra-migrate-meta-layouts":"default","ast-page-background-enabled":"default","ast-page-background-meta":{"desktop":{"background-color":"var(--ast-global-color-5)","background-image":"","background-repeat":"repeat","background-position":"center center","background-size":"auto","background-attachment":"scroll","background-type":"","background-media":"","overlay-type":"","overlay-color":"","overlay-opacity":"","overlay-gradient":""},"tablet":{"background-color":"","background-image":"","background-repeat":"repeat","background-position":"center center","background-size":"auto","background-attachment":"scroll","background-type":"","background-media":"","overlay-type":"","overlay-color":"","overlay-opacity":"","overlay-gradient":""},"mobile":{"background-color":"","background-image":"","background-repeat":"repeat","background-position":"center center","background-size":"auto","background-attachment":"scroll","background-type":"","background-media":"","overlay-type":"","overlay-color":"","overlay-opacity":"","overlay-gradient":""}},"ast-content-background-meta":{"desktop":{"background-color":"var(--ast-global-color-4)","background-image":"","background-repeat":"repeat","background-position":"center center","background-size":"auto","background-attachment":"scroll","background-type":"","background-media":"","overlay-type":"","overlay-color":"","overlay-opacity":"","overlay-gradient":""},"tablet":{"background-color":"var(--ast-global-color-4)","background-image":"","background-repeat":"repeat","background-position":"center center","background-size":"auto","background-attachment":"scroll","background-type":"","background-media":"","overlay-type":"","overlay-color":"","overlay-opacity":"","overlay-gradient":""},"mobile":{"background-color":"var(--ast-global-color-4)","background-image":"","background-repeat":"repeat","background-position":"center center","background-size":"auto","background-attachment":"scroll","background-type":"","background-media":"","overlay-type":"","overlay-color":"","overlay-opacity":"","overlay-gradient":""}},"footnotes":""},"categories":[62],"tags":[],"class_list":["post-688","post","type-post","status-publish","format-standard","has-post-thumbnail","hentry","category-blog-corporativo"],"acf":[],"yoast_head":"<!-- This site is optimized with the Yoast SEO Premium plugin v23.5 (Yoast SEO v24.1) - https:\/\/yoast.com\/wordpress\/plugins\/seo\/ -->\n<title>Jes\u00fas Calleja elige Jos\u00e9 de Mora para su aventura con Bertin Osborne en Planeta Calleja - Jos\u00e9 de Mora<\/title>\n<meta name=\"robots\" content=\"index, follow, max-snippet:-1, max-image-preview:large, max-video-preview:-1\" \/>\n<link rel=\"canonical\" href=\"https:\/\/josedemora.com\/en\/jesus-calleja-chooses-jose-de-mora-for-his-adventure-with-bertin-osborne-in-planet-calleja\/\" \/>\n<meta property=\"og:locale\" content=\"en_GB\" \/>\n<meta property=\"og:type\" content=\"article\" \/>\n<meta property=\"og:title\" content=\"Jes\u00fas Calleja elige Jos\u00e9 de Mora para su aventura con Bertin Osborne en Planeta Calleja\" \/>\n<meta property=\"og:description\" content=\"Las botas elegidas para el paseo a caballo por Jes\u00fas Calleja, para hacer su programa con el invitado especial Bert\u00edn Osborne, han sido las de nuestra empresa Sport y Equitaci\u00f3n S.L,\u00a0esto ha sido posible gracias a la calidad de nuestros productos y al\u00a0reconocimiento de nuestras marcas\u00a0dentro del sector del calzado artesanal de Valverde del Camino. Desde nuestra empresa nos gustar\u00eda agradecerle su confianza en nosotros, ya que trabajamos\u00a0para conseguir la m\u00e1s alta calidad y el dise\u00f1o m\u00e1s cuidado, aunando moda y tradici\u00f3n, y sobre todo buscando la m\u00e1xima comodidad y sujeci\u00f3n del pie, dos cualidades imprescindibles para una bota de montar. Bert\u00edn, el cantante y presentador, no es conocido precisamente por su afici\u00f3n al monta\u00f1ismo, aunque si por su pasi\u00f3n por el caballo. Aun as\u00ed, se ha enfrentado al reto que le propuso Jes\u00fas Calleja el pasado 18 de marzo.\u00a0 Vivir una aventura en los magn\u00edficos paisajes de Los Picos de Europa. La aventura constaba de varias partes, la primera, consisti\u00f3 en navegar en kayak por las Hoces del R\u00edo Durat\u00f3n, en Segovia, donde a pesar de ser la primera vez que lo hac\u00eda y llevarse un chapuz\u00f3n disfrut\u00f3. Sin embargo, la tercera parte no fue tan divertida, ya que no pudo vencer el miedo y su v\u00e9rtigo, le oblig\u00f3 a abandonar la escalada de una pared vertical, pero como a \u00e9l le gusta sacarles el lado positivo a las cosas decidi\u00f3 ver desde abajo la escalada mientras disfrutaba de un buen vino.\u00a0\" \/>\n<meta property=\"og:url\" content=\"https:\/\/josedemora.com\/en\/jesus-calleja-chooses-jose-de-mora-for-his-adventure-with-bertin-osborne-in-planet-calleja\/\" \/>\n<meta property=\"og:site_name\" content=\"Jos\u00e9 de Mora\" \/>\n<meta property=\"article:published_time\" content=\"2018-05-10T23:00:31+00:00\" \/>\n<meta property=\"og:image\" content=\"https:\/\/josedemora.com\/wp-content\/uploads\/2018\/05\/33-single-default.jpg\" \/>\n\t<meta property=\"og:image:width\" content=\"840\" \/>\n\t<meta property=\"og:image:height\" content=\"420\" \/>\n\t<meta property=\"og:image:type\" content=\"image\/jpeg\" \/>\n<meta name=\"author\" content=\"Sport y Equitaci\u00f3n Valverde S.L\" \/>\n<meta name=\"twitter:card\" content=\"summary_large_image\" \/>\n<meta name=\"twitter:label1\" content=\"Written by\" \/>\n\t<meta name=\"twitter:data1\" content=\"Sport y Equitaci\u00f3n Valverde S.L\" \/>\n\t<meta name=\"twitter:label2\" content=\"Estimated reading time\" \/>\n\t<meta name=\"twitter:data2\" content=\"4 minutes\" \/>\n<script type=\"application\/ld+json\" class=\"yoast-schema-graph\">{\"@context\":\"https:\/\/schema.org\",\"@graph\":[{\"@type\":\"WebPage\",\"@id\":\"https:\/\/josedemora.com\/jesus-calleja-elige-jose-de-mora-para-su-aventura-con-bertin-osborne-en-planeta-calleja\/\",\"url\":\"https:\/\/josedemora.com\/jesus-calleja-elige-jose-de-mora-para-su-aventura-con-bertin-osborne-en-planeta-calleja\/\",\"name\":\"Jes\u00fas Calleja elige Jos\u00e9 de Mora para su aventura con Bertin Osborne en Planeta Calleja - Jos\u00e9 de Mora\",\"isPartOf\":{\"@id\":\"https:\/\/josedemora.com\/#website\"},\"primaryImageOfPage\":{\"@id\":\"https:\/\/josedemora.com\/jesus-calleja-elige-jose-de-mora-para-su-aventura-con-bertin-osborne-en-planeta-calleja\/#primaryimage\"},\"image\":{\"@id\":\"https:\/\/josedemora.com\/jesus-calleja-elige-jose-de-mora-para-su-aventura-con-bertin-osborne-en-planeta-calleja\/#primaryimage\"},\"thumbnailUrl\":\"https:\/\/josedemora.com\/wp-content\/uploads\/2018\/05\/33-single-default.jpg\",\"datePublished\":\"2018-05-10T23:00:31+00:00\",\"dateModified\":\"2018-05-10T23:00:31+00:00\",\"author\":{\"@id\":\"https:\/\/josedemora.com\/#\/schema\/person\/f7753ab9a39a122afeca8e123a8b58ba\"},\"breadcrumb\":{\"@id\":\"https:\/\/josedemora.com\/jesus-calleja-elige-jose-de-mora-para-su-aventura-con-bertin-osborne-en-planeta-calleja\/#breadcrumb\"},\"inLanguage\":\"en-GB\",\"potentialAction\":[{\"@type\":\"ReadAction\",\"target\":[\"https:\/\/josedemora.com\/jesus-calleja-elige-jose-de-mora-para-su-aventura-con-bertin-osborne-en-planeta-calleja\/\"]}]},{\"@type\":\"ImageObject\",\"inLanguage\":\"en-GB\",\"@id\":\"https:\/\/josedemora.com\/jesus-calleja-elige-jose-de-mora-para-su-aventura-con-bertin-osborne-en-planeta-calleja\/#primaryimage\",\"url\":\"https:\/\/josedemora.com\/wp-content\/uploads\/2018\/05\/33-single-default.jpg\",\"contentUrl\":\"https:\/\/josedemora.com\/wp-content\/uploads\/2018\/05\/33-single-default.jpg\",\"width\":840,\"height\":420},{\"@type\":\"BreadcrumbList\",\"@id\":\"https:\/\/josedemora.com\/jesus-calleja-elige-jose-de-mora-para-su-aventura-con-bertin-osborne-en-planeta-calleja\/#breadcrumb\",\"itemListElement\":[{\"@type\":\"ListItem\",\"position\":1,\"name\":\"Portada\",\"item\":\"https:\/\/josedemora.com\/\"},{\"@type\":\"ListItem\",\"position\":2,\"name\":\"Jes\u00fas Calleja elige Jos\u00e9 de Mora para su aventura con Bertin Osborne en Planeta Calleja\"}]},{\"@type\":\"WebSite\",\"@id\":\"https:\/\/josedemora.com\/#website\",\"url\":\"https:\/\/josedemora.com\/\",\"name\":\"Jos\u00e9 de Mora\",\"description\":\"\",\"potentialAction\":[{\"@type\":\"SearchAction\",\"target\":{\"@type\":\"EntryPoint\",\"urlTemplate\":\"https:\/\/josedemora.com\/?s={search_term_string}\"},\"query-input\":{\"@type\":\"PropertyValueSpecification\",\"valueRequired\":true,\"valueName\":\"search_term_string\"}}],\"inLanguage\":\"en-GB\"},{\"@type\":\"Person\",\"@id\":\"https:\/\/josedemora.com\/#\/schema\/person\/f7753ab9a39a122afeca8e123a8b58ba\",\"name\":\"Sport y Equitaci\u00f3n Valverde S.L\",\"image\":{\"@type\":\"ImageObject\",\"inLanguage\":\"en-GB\",\"@id\":\"https:\/\/josedemora.com\/#\/schema\/person\/image\/\",\"url\":\"https:\/\/secure.gravatar.com\/avatar\/e28dd3fe8cf6a1ceee8c619df57c36d5?s=96&d=mm&r=g\",\"contentUrl\":\"https:\/\/secure.gravatar.com\/avatar\/e28dd3fe8cf6a1ceee8c619df57c36d5?s=96&d=mm&r=g\",\"caption\":\"Sport y Equitaci\u00f3n Valverde S.L\"},\"url\":\"https:\/\/josedemora.com\/en\/author\/wanda\/\"}]}<\/script>\n<!-- \/ Yoast SEO Premium plugin. -->","yoast_head_json":{"title":"Jes\u00fas Calleja elige Jos\u00e9 de Mora para su aventura con Bertin Osborne en Planeta Calleja - Jos\u00e9 de Mora","robots":{"index":"index","follow":"follow","max-snippet":"max-snippet:-1","max-image-preview":"max-image-preview:large","max-video-preview":"max-video-preview:-1"},"canonical":"https:\/\/josedemora.com\/en\/jesus-calleja-chooses-jose-de-mora-for-his-adventure-with-bertin-osborne-in-planet-calleja\/","og_locale":"en_GB","og_type":"article","og_title":"Jes\u00fas Calleja elige Jos\u00e9 de Mora para su aventura con Bertin Osborne en Planeta Calleja","og_description":"Las botas elegidas para el paseo a caballo por Jes\u00fas Calleja, para hacer su programa con el invitado especial Bert\u00edn Osborne, han sido las de nuestra empresa Sport y Equitaci\u00f3n S.L,\u00a0esto ha sido posible gracias a la calidad de nuestros productos y al\u00a0reconocimiento de nuestras marcas\u00a0dentro del sector del calzado artesanal de Valverde del Camino. Desde nuestra empresa nos gustar\u00eda agradecerle su confianza en nosotros, ya que trabajamos\u00a0para conseguir la m\u00e1s alta calidad y el dise\u00f1o m\u00e1s cuidado, aunando moda y tradici\u00f3n, y sobre todo buscando la m\u00e1xima comodidad y sujeci\u00f3n del pie, dos cualidades imprescindibles para una bota de montar. Bert\u00edn, el cantante y presentador, no es conocido precisamente por su afici\u00f3n al monta\u00f1ismo, aunque si por su pasi\u00f3n por el caballo. Aun as\u00ed, se ha enfrentado al reto que le propuso Jes\u00fas Calleja el pasado 18 de marzo.\u00a0 Vivir una aventura en los magn\u00edficos paisajes de Los Picos de Europa. La aventura constaba de varias partes, la primera, consisti\u00f3 en navegar en kayak por las Hoces del R\u00edo Durat\u00f3n, en Segovia, donde a pesar de ser la primera vez que lo hac\u00eda y llevarse un chapuz\u00f3n disfrut\u00f3. Sin embargo, la tercera parte no fue tan divertida, ya que no pudo vencer el miedo y su v\u00e9rtigo, le oblig\u00f3 a abandonar la escalada de una pared vertical, pero como a \u00e9l le gusta sacarles el lado positivo a las cosas decidi\u00f3 ver desde abajo la escalada mientras disfrutaba de un buen vino.\u00a0","og_url":"https:\/\/josedemora.com\/en\/jesus-calleja-chooses-jose-de-mora-for-his-adventure-with-bertin-osborne-in-planet-calleja\/","og_site_name":"Jos\u00e9 de Mora","article_published_time":"2018-05-10T23:00:31+00:00","og_image":[{"width":840,"height":420,"url":"https:\/\/josedemora.com\/wp-content\/uploads\/2018\/05\/33-single-default.jpg","type":"image\/jpeg"}],"author":"Sport y Equitaci\u00f3n Valverde S.L","twitter_card":"summary_large_image","twitter_misc":{"Written by":"Sport y Equitaci\u00f3n Valverde S.L","Estimated reading time":"4 minutes"},"schema":{"@context":"https:\/\/schema.org","@graph":[{"@type":"WebPage","@id":"https:\/\/josedemora.com\/jesus-calleja-elige-jose-de-mora-para-su-aventura-con-bertin-osborne-en-planeta-calleja\/","url":"https:\/\/josedemora.com\/jesus-calleja-elige-jose-de-mora-para-su-aventura-con-bertin-osborne-en-planeta-calleja\/","name":"Jes\u00fas Calleja elige Jos\u00e9 de Mora para su aventura con Bertin Osborne en Planeta Calleja - Jos\u00e9 de Mora","isPartOf":{"@id":"https:\/\/josedemora.com\/#website"},"primaryImageOfPage":{"@id":"https:\/\/josedemora.com\/jesus-calleja-elige-jose-de-mora-para-su-aventura-con-bertin-osborne-en-planeta-calleja\/#primaryimage"},"image":{"@id":"https:\/\/josedemora.com\/jesus-calleja-elige-jose-de-mora-para-su-aventura-con-bertin-osborne-en-planeta-calleja\/#primaryimage"},"thumbnailUrl":"https:\/\/josedemora.com\/wp-content\/uploads\/2018\/05\/33-single-default.jpg","datePublished":"2018-05-10T23:00:31+00:00","dateModified":"2018-05-10T23:00:31+00:00","author":{"@id":"https:\/\/josedemora.com\/#\/schema\/person\/f7753ab9a39a122afeca8e123a8b58ba"},"breadcrumb":{"@id":"https:\/\/josedemora.com\/jesus-calleja-elige-jose-de-mora-para-su-aventura-con-bertin-osborne-en-planeta-calleja\/#breadcrumb"},"inLanguage":"en-GB","potentialAction":[{"@type":"ReadAction","target":["https:\/\/josedemora.com\/jesus-calleja-elige-jose-de-mora-para-su-aventura-con-bertin-osborne-en-planeta-calleja\/"]}]},{"@type":"ImageObject","inLanguage":"en-GB","@id":"https:\/\/josedemora.com\/jesus-calleja-elige-jose-de-mora-para-su-aventura-con-bertin-osborne-en-planeta-calleja\/#primaryimage","url":"https:\/\/josedemora.com\/wp-content\/uploads\/2018\/05\/33-single-default.jpg","contentUrl":"https:\/\/josedemora.com\/wp-content\/uploads\/2018\/05\/33-single-default.jpg","width":840,"height":420},{"@type":"BreadcrumbList","@id":"https:\/\/josedemora.com\/jesus-calleja-elige-jose-de-mora-para-su-aventura-con-bertin-osborne-en-planeta-calleja\/#breadcrumb","itemListElement":[{"@type":"ListItem","position":1,"name":"Portada","item":"https:\/\/josedemora.com\/"},{"@type":"ListItem","position":2,"name":"Jes\u00fas Calleja elige Jos\u00e9 de Mora para su aventura con Bertin Osborne en Planeta Calleja"}]},{"@type":"WebSite","@id":"https:\/\/josedemora.com\/#website","url":"https:\/\/josedemora.com\/","name":"Jos\u00e9 de Mora","description":"","potentialAction":[{"@type":"SearchAction","target":{"@type":"EntryPoint","urlTemplate":"https:\/\/josedemora.com\/?s={search_term_string}"},"query-input":{"@type":"PropertyValueSpecification","valueRequired":true,"valueName":"search_term_string"}}],"inLanguage":"en-GB"},{"@type":"Person","@id":"https:\/\/josedemora.com\/#\/schema\/person\/f7753ab9a39a122afeca8e123a8b58ba","name":"Sport y Equitaci\u00f3n Valverde S.L","image":{"@type":"ImageObject","inLanguage":"en-GB","@id":"https:\/\/josedemora.com\/#\/schema\/person\/image\/","url":"https:\/\/secure.gravatar.com\/avatar\/e28dd3fe8cf6a1ceee8c619df57c36d5?s=96&d=mm&r=g","contentUrl":"https:\/\/secure.gravatar.com\/avatar\/e28dd3fe8cf6a1ceee8c619df57c36d5?s=96&d=mm&r=g","caption":"Sport y Equitaci\u00f3n Valverde S.L"},"url":"https:\/\/josedemora.com\/en\/author\/wanda\/"}]}},"_links":{"self":[{"href":"https:\/\/josedemora.com\/en\/wp-json\/wp\/v2\/posts\/688","targetHints":{"allow":["GET"]}}],"collection":[{"href":"https:\/\/josedemora.com\/en\/wp-json\/wp\/v2\/posts"}],"about":[{"href":"https:\/\/josedemora.com\/en\/wp-json\/wp\/v2\/types\/post"}],"author":[{"embeddable":true,"href":"https:\/\/josedemora.com\/en\/wp-json\/wp\/v2\/users\/5"}],"replies":[{"embeddable":true,"href":"https:\/\/josedemora.com\/en\/wp-json\/wp\/v2\/comments?post=688"}],"version-history":[{"count":0,"href":"https:\/\/josedemora.com\/en\/wp-json\/wp\/v2\/posts\/688\/revisions"}],"wp:featuredmedia":[{"embeddable":true,"href":"https:\/\/josedemora.com\/en\/wp-json\/wp\/v2\/media\/686"}],"wp:attachment":[{"href":"https:\/\/josedemora.com\/en\/wp-json\/wp\/v2\/media?parent=688"}],"wp:term":[{"taxonomy":"category","embeddable":true,"href":"https:\/\/josedemora.com\/en\/wp-json\/wp\/v2\/categories?post=688"},{"taxonomy":"post_tag","embeddable":true,"href":"https:\/\/josedemora.com\/en\/wp-json\/wp\/v2\/tags?post=688"}],"curies":[{"name":"wp","href":"https:\/\/api.w.org\/{rel}","templated":true}]}}